{"id":1232655,"date":"2021-09-30T23:11:04","date_gmt":"2021-10-01T04:11:04","guid":{"rendered":"https:\/\/www.acapulco.press\/?p=1232655"},"modified":"2021-09-30T23:11:04","modified_gmt":"2021-10-01T04:11:04","slug":"chilpancingo-la-transformacion-en-una-burbuja","status":"publish","type":"post","link":"https:\/\/www.acapulcopress.com\/index.php\/2021\/09\/30\/chilpancingo-la-transformacion-en-una-burbuja\/","title":{"rendered":"Chilpancingo | La transformaci\u00f3n en una burbuja"},"content":{"rendered":"<p style=\"text-align: justify;\">Un Rapid\u00edn<br \/>\nCon <strong>\u00c1ngel Irra Carceda<\/strong><br \/>\n<em>) angelirracar@hotmail.com.<\/em><\/p>\n<p style=\"text-align: justify;\">Me informan que Norma Otilia Hern\u00e1ndez Mart\u00ednez, la ahora alcaldesa de Chilpancingo, estudi\u00f3 Ciencias de la Comunicaci\u00f3n en la UAGro.<\/p>\n<p style=\"text-align: justify;\">La tarde de este jueves, luego de que rindi\u00f3 protesta como la mera amera del Ayuntamiento de Chilpancingo, simple y sencillamente se rehus\u00f3 a dar una entrevista a reporteros.<\/p>\n<p style=\"text-align: justify;\">Su compacto grupo de escoltas, atajaron a los compa\u00f1eros que intentaron entrevistarla.<\/p>\n<p style=\"text-align: justify;\">Caramba. \u00bfEse ser\u00e1 el sello en su pol\u00edtica de Comunicaci\u00f3n Social?<\/p>\n<p style=\"text-align: justify;\">As\u00ed las cosas con la nueva administraci\u00f3n municipal. Ojal\u00e1 y reflexione.<\/p>\n","protected":false},"excerpt":{"rendered":"<p>Un Rapid\u00edn Con \u00c1ngel Irra Carceda ) angelirracar@hotmail.com. Me informan que Norma Otilia Hern\u00e1ndez Mart\u00ednez, la ahora alcaldesa de Chilpancingo, estudi\u00f3 Ciencias de la Comunicaci\u00f3n en la UAGro. La tarde de este jueves, luego de que rindi\u00f3 protesta como la mera amera del Ayuntamiento de Chilpancingo, simple y sencillamente se rehus\u00f3 a dar una entrevista&#8230;<\/p>\n","protected":false},"author":2,"featured_media":1232656,"comment_status":"closed","ping_status":"closed","sticky":false,"template":"","format":"standard","meta":{"footnotes":""},"categories":[2071,1991],"tags":[3938,9291,13744,17511],"class_list":["post-1232655","post","type-post","status-publish","format-standard","has-post-thumbnail","hentry","category-opinion-analisis-columnas","category-libertad-de-expresion","tag-angel-irra-carceda","tag-gobierno-de-chilpancingo","tag-norma-otilia-hernandez-martinez","tag-un-rapidin"],"_links":{"self":[{"href":"https:\/\/www.acapulcopress.com\/index.php\/wp-json\/wp\/v2\/posts\/1232655","targetHints":{"allow":["GET"]}}],"collection":[{"href":"https:\/\/www.acapulcopress.com\/index.php\/wp-json\/wp\/v2\/posts"}],"about":[{"href":"https:\/\/www.acapulcopress.com\/index.php\/wp-json\/wp\/v2\/types\/post"}],"author":[{"embeddable":true,"href":"https:\/\/www.acapulcopress.com\/index.php\/wp-json\/wp\/v2\/users\/2"}],"replies":[{"embeddable":true,"href":"https:\/\/www.acapulcopress.com\/index.php\/wp-json\/wp\/v2\/comments?post=1232655"}],"version-history":[{"count":0,"href":"https:\/\/www.acapulcopress.com\/index.php\/wp-json\/wp\/v2\/posts\/1232655\/revisions"}],"wp:featuredmedia":[{"embeddable":true,"href":"https:\/\/www.acapulcopress.com\/index.php\/wp-json\/"}],"wp:attachment":[{"href":"https:\/\/www.acapulcopress.com\/index.php\/wp-json\/wp\/v2\/media?parent=1232655"}],"wp:term":[{"taxonomy":"category","embeddable":true,"href":"https:\/\/www.acapulcopress.com\/index.php\/wp-json\/wp\/v2\/categories?post=1232655"},{"taxonomy":"post_tag","embeddable":true,"href":"https:\/\/www.acapulcopress.com\/index.php\/wp-json\/wp\/v2\/tags?post=1232655"}],"curies":[{"name":"wp","href":"https:\/\/api.w.org\/{rel}","templated":true}]}}