{"id":1232709,"date":"2021-10-02T23:46:44","date_gmt":"2021-10-03T04:46:44","guid":{"rendered":"https:\/\/www.acapulco.press\/?p=1232709"},"modified":"2021-10-02T23:46:44","modified_gmt":"2021-10-03T04:46:44","slug":"genaro-vazquez-pide-respeto-a-los-movimientos-sociales-para-evita-tragedias-como-la-de-tlatelolco","status":"publish","type":"post","link":"https:\/\/www.acapulcopress.com\/index.php\/2021\/10\/02\/genaro-vazquez-pide-respeto-a-los-movimientos-sociales-para-evita-tragedias-como-la-de-tlatelolco\/","title":{"rendered":"Genaro V\u00e1zquez pide respeto a los movimientos sociales para evita tragedias como la de Tlatelolco"},"content":{"rendered":"<p style=\"text-align: justify;\">ACAPULCO. * 4 de octubre de 2021.<br \/>\n<em>) Acapulco Press.\u00a0<\/em><\/p>\n<p style=\"text-align: justify;\"><img loading=\"lazy\" decoding=\"async\" class=\"alignleft size-medium wp-image-1232712\" src=\"https:\/\/www.acapulco.press\/wp-content\/uploads\/2021\/10\/genaro-sociales6-375x281.jpeg\" alt=\"\" width=\"375\" height=\"281\" \/>Al conmemorarse el 53 aniversario de la denominada \u00abmatanza de Tlatelolco\u00bb,\u00a0 el regidor Genaro V\u00e1zquez Flores expres\u00f3 su solidaridad y respeto con el movimiento de j\u00f3venes comunistas que esta tarde recordaron frente al antimonumento a los 43 normalistas abatidos en Iguala, el 26 de septiembre de 2014, a los estudiantes perseguidos y asesinados el 2 de octubre de 1968 en la Plaza de las Tres Culturas de la Ciudad de M\u00e9xico.<\/p>\n<p style=\"text-align: justify;\">V\u00e1zquez Flores hizo votos porque tragedias como la de Tlatelolco e Iguala no vuelvan a repetirse jam\u00e1s y emiti\u00f3 un exhorto al Presidente de la Rep\u00fablica, Andr\u00e9s Manuel L\u00f3pez Obrador, as\u00ed como al gobierno municipal de Abelina L\u00f3pez, para hagan prevalecer el respeto a favor de los movimientos sociales para evitar situaciones como las de 1968 y 2014.<\/p>\n","protected":false},"excerpt":{"rendered":"<p>ACAPULCO. * 4 de octubre de 2021. ) Acapulco Press.\u00a0 Al conmemorarse el 53 aniversario de la denominada \u00abmatanza de Tlatelolco\u00bb,\u00a0 el regidor Genaro V\u00e1zquez Flores expres\u00f3 su solidaridad y respeto con el movimiento de j\u00f3venes comunistas que esta tarde recordaron frente al antimonumento a los 43 normalistas abatidos en Iguala, el 26 de septiembre&#8230;<\/p>\n","protected":false},"author":2,"featured_media":1232710,"comment_status":"closed","ping_status":"closed","sticky":false,"template":"","format":"standard","meta":{"footnotes":""},"categories":[2075,18561],"tags":[3997,9132,12781,12795],"class_list":["post-1232709","post","type-post","status-publish","format-standard","has-post-thumbnail","hentry","category-movimientos-sociales","category-society-politics","tag-antimonumento-a-los-43","tag-genaro-vazquez-flores","tag-masacre-de-tlatelolco","tag-matanza-de-tlatelolco"],"_links":{"self":[{"href":"https:\/\/www.acapulcopress.com\/index.php\/wp-json\/wp\/v2\/posts\/1232709","targetHints":{"allow":["GET"]}}],"collection":[{"href":"https:\/\/www.acapulcopress.com\/index.php\/wp-json\/wp\/v2\/posts"}],"about":[{"href":"https:\/\/www.acapulcopress.com\/index.php\/wp-json\/wp\/v2\/types\/post"}],"author":[{"embeddable":true,"href":"https:\/\/www.acapulcopress.com\/index.php\/wp-json\/wp\/v2\/users\/2"}],"replies":[{"embeddable":true,"href":"https:\/\/www.acapulcopress.com\/index.php\/wp-json\/wp\/v2\/comments?post=1232709"}],"version-history":[{"count":0,"href":"https:\/\/www.acapulcopress.com\/index.php\/wp-json\/wp\/v2\/posts\/1232709\/revisions"}],"wp:featuredmedia":[{"embeddable":true,"href":"https:\/\/www.acapulcopress.com\/index.php\/wp-json\/"}],"wp:attachment":[{"href":"https:\/\/www.acapulcopress.com\/index.php\/wp-json\/wp\/v2\/media?parent=1232709"}],"wp:term":[{"taxonomy":"category","embeddable":true,"href":"https:\/\/www.acapulcopress.com\/index.php\/wp-json\/wp\/v2\/categories?post=1232709"},{"taxonomy":"post_tag","embeddable":true,"href":"https:\/\/www.acapulcopress.com\/index.php\/wp-json\/wp\/v2\/tags?post=1232709"}],"curies":[{"name":"wp","href":"https:\/\/api.w.org\/{rel}","templated":true}]}}