{"id":1232720,"date":"2021-10-03T20:09:19","date_gmt":"2021-10-04T01:09:19","guid":{"rendered":"https:\/\/www.acapulco.press\/?p=1232720"},"modified":"2021-10-03T20:09:19","modified_gmt":"2021-10-04T01:09:19","slug":"buscara-solano-que-tlapa-cuente-con-un-hospital-e-infraestructura-social-y-carretera","status":"publish","type":"post","link":"https:\/\/www.acapulcopress.com\/index.php\/2021\/10\/03\/buscara-solano-que-tlapa-cuente-con-un-hospital-e-infraestructura-social-y-carretera\/","title":{"rendered":"Buscar\u00e1 Solano que Tlapa cuente con un hospital e infraestructura social y carretera"},"content":{"rendered":"<p style=\"text-align: justify;\">TLAPA DE COMONFORT. * 3 de octubre de 2021.<br \/>\n) Gobierno de Tlapa.<\/p>\n<p style=\"text-align: justify;\">El presidente municipal de Tlapa de Comonfort, Gilberto Solano Arreaga, asisti\u00f3 a <img loading=\"lazy\" decoding=\"async\" class=\"alignleft size-medium wp-image-1232723\" src=\"https:\/\/www.acapulco.press\/wp-content\/uploads\/2021\/10\/tlapa-solano3-375x211.jpeg\" alt=\"\" width=\"375\" height=\"211\" \/>una reuni\u00f3n informativa y de gesti\u00f3n con presidentes municipales de la regi\u00f3n monta\u00f1a, la cual fue presidida por el diputado federal, Victoriano Wences Real.<\/p>\n<p style=\"text-align: justify;\">La gesti\u00f3n en com\u00fan de todos los presidentes fue la construcci\u00f3n de carreteras y la creaci\u00f3n de universidades en cada municipio, as\u00ed como hospitales de primer nivel, pues la monta\u00f1a ha permanecido en el olvido en estos tres rubros.<\/p>\n<p style=\"text-align: justify;\">En su participaci\u00f3n, Gilberto Solano asegur\u00f3 conocer las necesidades de los tlapanecos, por ello su administraci\u00f3n caminar\u00e1 los tres a\u00f1os en la b\u00fasqueda de canales de gesti\u00f3n para poder <img loading=\"lazy\" decoding=\"async\" class=\"alignleft size-medium wp-image-1232724\" src=\"https:\/\/www.acapulco.press\/wp-content\/uploads\/2021\/10\/tlapa-solano4-375x211.jpeg\" alt=\"\" width=\"375\" height=\"211\" \/>cumplir con toda la demanda ciudadana.<\/p>\n<p style=\"text-align: justify;\">En su intervenci\u00f3n, el presidente focaliz\u00f3 las necesidades en tres peticiones: primero, impulsar un hospital de especialidades para Tlapa, aunque coment\u00f3 que por el tiempo y urgencia se debe pensar ya en un m\u00f3dulo y la contrataci\u00f3n de personal m\u00e9dico especializado.<\/p>\n<p style=\"text-align: justify;\">Tambi\u00e9n solicit\u00f3 el mejoramiento de la infraestructura de las carreteras, como la que va a Puebla y a Chilpancingo.<\/p>\n<p style=\"text-align: justify;\"><img loading=\"lazy\" decoding=\"async\" class=\"alignleft size-medium wp-image-1232721\" src=\"https:\/\/www.acapulco.press\/wp-content\/uploads\/2021\/10\/tlapa-solano1-375x211.jpeg\" alt=\"\" width=\"375\" height=\"211\" \/>Otra de las prioridades, dijo, es la construcci\u00f3n del encauzamiento del r\u00edo Jale, el cual es un proyecto que ya tiene avanzado y que es el rostro del desarrollo de Tlapa.<\/p>\n<p style=\"text-align: justify;\">Finalmente, reconoci\u00f3 la disposici\u00f3n del diputado federal para escuchar la voz de los representantes de cada comunidad y le solicit\u00f3 pueda ser porta voz de estos importantes y muy necesarios requerimientos.<\/p>\n<p style=\"text-align: justify;\">Al mismo tiempo pidi\u00f3 a los presidentes municipales unirse y olvidar las banderas partidistas y trabajar en conjunto con el Gobierno Federal que encabeza el Presidente de la Rep\u00fablica, Andr\u00e9s Manuel L\u00f3pez Obrador, para las mejoras de sus municipios, pues el beneficio ser\u00e1 para el pueblo.<\/p>\n<p style=\"text-align: justify;\">Wences Real pidi\u00f3 a los presidentes mantenerse unidos y trabajar colectivo para poder dar soluci\u00f3n a cada una de sus solicitudes.<\/p>\n","protected":false},"excerpt":{"rendered":"<p>TLAPA DE COMONFORT. * 3 de octubre de 2021. ) Gobierno de Tlapa. El presidente municipal de Tlapa de Comonfort, Gilberto Solano Arreaga, asisti\u00f3 a una reuni\u00f3n informativa y de gesti\u00f3n con presidentes municipales de la regi\u00f3n monta\u00f1a, la cual fue presidida por el diputado federal, Victoriano Wences Real. La gesti\u00f3n en com\u00fan de todos&#8230;<\/p>\n","protected":false},"author":2,"featured_media":1232722,"comment_status":"closed","ping_status":"closed","sticky":false,"template":"","format":"standard","meta":{"footnotes":""},"categories":[18589,18561],"tags":[4495,9200,9321],"class_list":["post-1232720","post","type-post","status-publish","format-standard","has-post-thumbnail","hentry","category-gobierno-de-tlapa","category-society-politics","tag-ayuntamiento-de-tlapa","tag-gilberto-solano-arrega","tag-gobierno-de-tlapa"],"_links":{"self":[{"href":"https:\/\/www.acapulcopress.com\/index.php\/wp-json\/wp\/v2\/posts\/1232720","targetHints":{"allow":["GET"]}}],"collection":[{"href":"https:\/\/www.acapulcopress.com\/index.php\/wp-json\/wp\/v2\/posts"}],"about":[{"href":"https:\/\/www.acapulcopress.com\/index.php\/wp-json\/wp\/v2\/types\/post"}],"author":[{"embeddable":true,"href":"https:\/\/www.acapulcopress.com\/index.php\/wp-json\/wp\/v2\/users\/2"}],"replies":[{"embeddable":true,"href":"https:\/\/www.acapulcopress.com\/index.php\/wp-json\/wp\/v2\/comments?post=1232720"}],"version-history":[{"count":0,"href":"https:\/\/www.acapulcopress.com\/index.php\/wp-json\/wp\/v2\/posts\/1232720\/revisions"}],"wp:featuredmedia":[{"embeddable":true,"href":"https:\/\/www.acapulcopress.com\/index.php\/wp-json\/"}],"wp:attachment":[{"href":"https:\/\/www.acapulcopress.com\/index.php\/wp-json\/wp\/v2\/media?parent=1232720"}],"wp:term":[{"taxonomy":"category","embeddable":true,"href":"https:\/\/www.acapulcopress.com\/index.php\/wp-json\/wp\/v2\/categories?post=1232720"},{"taxonomy":"post_tag","embeddable":true,"href":"https:\/\/www.acapulcopress.com\/index.php\/wp-json\/wp\/v2\/tags?post=1232720"}],"curies":[{"name":"wp","href":"https:\/\/api.w.org\/{rel}","templated":true}]}}