{"id":1232733,"date":"2021-10-03T20:55:20","date_gmt":"2021-10-04T01:55:20","guid":{"rendered":"https:\/\/www.acapulco.press\/?p=1232733"},"modified":"2021-10-03T20:55:20","modified_gmt":"2021-10-04T01:55:20","slug":"fiscalia-semar-y-guardia-nacional-buscan-a-vicente-ivan-en-san-pedro-las-playas","status":"publish","type":"post","link":"https:\/\/www.acapulcopress.com\/index.php\/2021\/10\/03\/fiscalia-semar-y-guardia-nacional-buscan-a-vicente-ivan-en-san-pedro-las-playas\/","title":{"rendered":"Fiscal\u00eda, Semar y Guardia Nacional buscan a Vicente Iv\u00e1n en San Pedro Las Playas"},"content":{"rendered":"<p style=\"text-align: justify;\">CHILPANCINGO. * 3 de octubre de 2021.<br \/>\n<em>) <a href=\"https:\/\/fiscaliaguerrero.gob.mx\" target=\"_blank\" rel=\"noopener\">https:\/\/fiscaliaguerrero.gob.mx<\/a>.<\/em><br \/>\nLa Fiscal\u00eda General del Estado en coordinaci\u00f3n con la Secretar\u00eda de Marina (Semar), la Guardia Nacional, la Comisi\u00f3n Nacional y Estatal de B\u00fasqueda de personas desaparecidas, peritos en Criminal\u00edstica y binomios caninos especializados, realizaron este s\u00e1bado una b\u00fasqueda acu\u00e1tica de Vicente Iv\u00e1n \u00abN\u00bb, en el poblado de San Pedro Las Playas.<\/p>\n<p style=\"text-align: justify;\">La b\u00fasqueda fue a la orilla de La Laguna de Tres Palos donde las autoridades proporcionaron lo necesario como lancha, equipo de buceo y buzos para su localizaci\u00f3n.<\/p>\n<p style=\"text-align: justify;\">Los d\u00edas 30 de agosto y 1 de octubre tambi\u00e9n se llev\u00f3 a cabo la b\u00fasqueda de Vicente Iv\u00e1n \u00abN\u00bb, en el poblado de El Quemado y en el poblado de La Estaci\u00f3n, con ayuda de binomios caninos y drones.<\/p>\n<p style=\"text-align: justify;\">Acompa\u00f1aron en esta b\u00fasqueda agentes de la Polic\u00eda Investigadora Ministerial, Fiscal\u00eda Especializada en Desaparici\u00f3n Forzada y B\u00fasqueda de Personas, peritos en Criminal\u00edstica, Unidad Canina de la SEDENA y del Centro de Derechos Humanos Tlachinollan.<\/p>\n","protected":false},"excerpt":{"rendered":"<p>CHILPANCINGO. * 3 de octubre de 2021. ) https:\/\/fiscaliaguerrero.gob.mx. La Fiscal\u00eda General del Estado en coordinaci\u00f3n con la Secretar\u00eda de Marina (Semar), la Guardia Nacional, la Comisi\u00f3n Nacional y Estatal de B\u00fasqueda de personas desaparecidas, peritos en Criminal\u00edstica y binomios caninos especializados, realizaron este s\u00e1bado una b\u00fasqueda acu\u00e1tica de Vicente Iv\u00e1n \u00abN\u00bb, en el poblado&#8230;<\/p>\n","protected":false},"author":2,"featured_media":1232734,"comment_status":"closed","ping_status":"closed","sticky":false,"template":"","format":"standard","meta":{"footnotes":""},"categories":[1969,2005],"tags":[8703,10946,14737],"class_list":["post-1232733","post","type-post","status-publish","format-standard","has-post-thumbnail","hentry","category-trending","category-seguridad-y-justicia","tag-fiscalia-general-del-estado-de-guerrero-fge","tag-jorge-zuriel-de-los-santos-barrila","tag-policia-ministerial-de-guerrero"],"_links":{"self":[{"href":"https:\/\/www.acapulcopress.com\/index.php\/wp-json\/wp\/v2\/posts\/1232733","targetHints":{"allow":["GET"]}}],"collection":[{"href":"https:\/\/www.acapulcopress.com\/index.php\/wp-json\/wp\/v2\/posts"}],"about":[{"href":"https:\/\/www.acapulcopress.com\/index.php\/wp-json\/wp\/v2\/types\/post"}],"author":[{"embeddable":true,"href":"https:\/\/www.acapulcopress.com\/index.php\/wp-json\/wp\/v2\/users\/2"}],"replies":[{"embeddable":true,"href":"https:\/\/www.acapulcopress.com\/index.php\/wp-json\/wp\/v2\/comments?post=1232733"}],"version-history":[{"count":0,"href":"https:\/\/www.acapulcopress.com\/index.php\/wp-json\/wp\/v2\/posts\/1232733\/revisions"}],"wp:featuredmedia":[{"embeddable":true,"href":"https:\/\/www.acapulcopress.com\/index.php\/wp-json\/"}],"wp:attachment":[{"href":"https:\/\/www.acapulcopress.com\/index.php\/wp-json\/wp\/v2\/media?parent=1232733"}],"wp:term":[{"taxonomy":"category","embeddable":true,"href":"https:\/\/www.acapulcopress.com\/index.php\/wp-json\/wp\/v2\/categories?post=1232733"},{"taxonomy":"post_tag","embeddable":true,"href":"https:\/\/www.acapulcopress.com\/index.php\/wp-json\/wp\/v2\/tags?post=1232733"}],"curies":[{"name":"wp","href":"https:\/\/api.w.org\/{rel}","templated":true}]}}