{"id":1232740,"date":"2021-10-04T19:30:26","date_gmt":"2021-10-05T00:30:26","guid":{"rendered":"https:\/\/www.acapulco.press\/?p=1232740"},"modified":"2021-10-04T19:30:26","modified_gmt":"2021-10-05T00:30:26","slug":"se-compromete-solano-a-atender-sectores-de-salud-y-educacion-en-tlapa","status":"publish","type":"post","link":"https:\/\/www.acapulcopress.com\/index.php\/2021\/10\/04\/se-compromete-solano-a-atender-sectores-de-salud-y-educacion-en-tlapa\/","title":{"rendered":"Se compromete Solano a atender sectores de salud y educaci\u00f3n en Tlapa"},"content":{"rendered":"<p style=\"text-align: justify;\">TLAPA DE COMONFORT. * 4 de octubre de 2021.<br \/>\n<em>) Gobierno de Tlapa.<\/em><br \/>\nEl presidente municipal de Tlapa de Comonfort, Gilberto Solano Arreaga, recibi\u00f3 a secretarios seccionales del sector salud de la <img loading=\"lazy\" decoding=\"async\" class=\"alignleft size-medium wp-image-1232743\" src=\"https:\/\/www.acapulco.press\/wp-content\/uploads\/2021\/10\/Tlapa-dif3-375x250.jpeg\" alt=\"\" width=\"375\" height=\"250\" \/>regi\u00f3n Monta\u00f1a, pertenecientes al SUSPEG y a trabajadores sindicalizados del Instituto Tecnol\u00f3gico Superior de la Monta\u00f1a, quienes solicitan que interceda con las autoridades Estatales y Federales, para la atenci\u00f3n a las peticiones de la base laboral.<\/p>\n<p style=\"text-align: justify;\">En su intervenci\u00f3n, los trabajadores reconocieron que, aunque a Gilberto Solano no le es de su competencia en su totalidad este tema, ellos saben del gran amor que tiene por Tlapa y sus habitantes, por lo que no dudaron ni un momento en acudir a \u00e9l.<\/p>\n<p style=\"text-align: justify;\">Ante ello, Solano Arreaga dijo que el Ayuntamiento tiene un presupuesto y en lo que corresponde a salud, \u00e9l se compromete a <img loading=\"lazy\" decoding=\"async\" class=\"alignleft size-medium wp-image-1232741\" src=\"https:\/\/www.acapulco.press\/wp-content\/uploads\/2021\/10\/Tlapa-dif-375x250.jpeg\" alt=\"\" width=\"375\" height=\"250\" \/>que se ejerza como debe de ser, por lo que ser\u00e1 promotor de una gesti\u00f3n con el gobierno del Estado de Guerrero entrante, y les ayudar\u00e1 a tocar puertas, ser\u00e1 acompa\u00f1ante de este sector las veces que lo necesiten.<\/p>\n<p style=\"text-align: justify;\">En la reuni\u00f3n tambi\u00e9n estuvieron presentes miembros del Cabildo Plural, entre ellos la regidora de Salud, Celia G\u00f3mez Navarrete, quien asegur\u00f3 que como ya entr\u00f3 en funciones comenzar\u00e1 a realizar recorridos en las instancias de salud municipal para ver los requerimientos que tienen y poder trabajar en la gesti\u00f3n para dar soluci\u00f3n estos.<\/p>\n<p style=\"text-align: justify;\">\u201cLa gesti\u00f3n es un riesgo y en mi gobierno la mano siempre estar\u00e1 extendida para apoyarlos\u201d, dijo el presidente.<\/p>\n<p style=\"text-align: justify;\">Los trabajadores de ambos rubros, agradecieron la atenci\u00f3n y le reconocieron el compromiso y la humildad que siempre lo ha caracterizado.<\/p>\n<p style=\"text-align: justify;\"><img loading=\"lazy\" decoding=\"async\" class=\"alignnone wp-image-1232742 size-large\" src=\"https:\/\/www.acapulco.press\/wp-content\/uploads\/2021\/10\/Tlapa-dif2-840x560.jpeg\" alt=\"\" width=\"840\" height=\"560\" \/><\/p>\n","protected":false},"excerpt":{"rendered":"<p>TLAPA DE COMONFORT. * 4 de octubre de 2021. ) Gobierno de Tlapa. El presidente municipal de Tlapa de Comonfort, Gilberto Solano Arreaga, recibi\u00f3 a secretarios seccionales del sector salud de la regi\u00f3n Monta\u00f1a, pertenecientes al SUSPEG y a trabajadores sindicalizados del Instituto Tecnol\u00f3gico Superior de la Monta\u00f1a, quienes solicitan que interceda con las autoridades&#8230;<\/p>\n","protected":false},"author":2,"featured_media":1232745,"comment_status":"closed","ping_status":"closed","sticky":false,"template":"","format":"standard","meta":{"footnotes":""},"categories":[1972,18589,18561],"tags":[4495,9199,9321],"class_list":["post-1232740","post","type-post","status-publish","format-standard","has-post-thumbnail","hentry","category-special","category-gobierno-de-tlapa","category-society-politics","tag-ayuntamiento-de-tlapa","tag-gilberto-solano-arreaga","tag-gobierno-de-tlapa"],"_links":{"self":[{"href":"https:\/\/www.acapulcopress.com\/index.php\/wp-json\/wp\/v2\/posts\/1232740","targetHints":{"allow":["GET"]}}],"collection":[{"href":"https:\/\/www.acapulcopress.com\/index.php\/wp-json\/wp\/v2\/posts"}],"about":[{"href":"https:\/\/www.acapulcopress.com\/index.php\/wp-json\/wp\/v2\/types\/post"}],"author":[{"embeddable":true,"href":"https:\/\/www.acapulcopress.com\/index.php\/wp-json\/wp\/v2\/users\/2"}],"replies":[{"embeddable":true,"href":"https:\/\/www.acapulcopress.com\/index.php\/wp-json\/wp\/v2\/comments?post=1232740"}],"version-history":[{"count":0,"href":"https:\/\/www.acapulcopress.com\/index.php\/wp-json\/wp\/v2\/posts\/1232740\/revisions"}],"wp:featuredmedia":[{"embeddable":true,"href":"https:\/\/www.acapulcopress.com\/index.php\/wp-json\/"}],"wp:attachment":[{"href":"https:\/\/www.acapulcopress.com\/index.php\/wp-json\/wp\/v2\/media?parent=1232740"}],"wp:term":[{"taxonomy":"category","embeddable":true,"href":"https:\/\/www.acapulcopress.com\/index.php\/wp-json\/wp\/v2\/categories?post=1232740"},{"taxonomy":"post_tag","embeddable":true,"href":"https:\/\/www.acapulcopress.com\/index.php\/wp-json\/wp\/v2\/tags?post=1232740"}],"curies":[{"name":"wp","href":"https:\/\/api.w.org\/{rel}","templated":true}]}}