{"id":1232753,"date":"2021-10-01T19:45:11","date_gmt":"2021-10-02T00:45:11","guid":{"rendered":"https:\/\/www.acapulco.press\/?p=1232753"},"modified":"2021-10-01T19:45:11","modified_gmt":"2021-10-02T00:45:11","slug":"solano-toma-protesta-a-primeros-miembros-de-su-gabinete","status":"publish","type":"post","link":"https:\/\/www.acapulcopress.com\/index.php\/2021\/10\/01\/solano-toma-protesta-a-primeros-miembros-de-su-gabinete\/","title":{"rendered":"Solano toma protesta a primeros miembros de su gabinete"},"content":{"rendered":"<p style=\"text-align: justify;\">TLAPA DE COMONFORT. * 1 de octubre de 2021.<br \/>\n<em>) Gobierno de Tlapa.<\/em><br \/>\n<img loading=\"lazy\" decoding=\"async\" class=\"alignleft size-medium wp-image-1232756\" src=\"https:\/\/www.acapulco.press\/wp-content\/uploads\/2021\/10\/GSA-TLAPA2-375x211.jpg\" alt=\"\" width=\"375\" height=\"211\" \/>Con la protesta de ley y previamente aprobados por el Cabildo, el presidente municipal de Tlapa de Comonfort, Gilberto Solano Arreaga nombr\u00f3 y tom\u00f3 protesta a cinco miembros de su gabinete.<\/p>\n<p style=\"text-align: justify;\">El primer nombramiento fue para Joaqu\u00edn \u00c1lvarez Alonso, quien a partir de este momento fungir\u00e1 como secretario General; Maurilio Garc\u00eda Vivar, tesorero Municipal; Paul Gerardo Segura Cruz, secretario de Seguridad P\u00fablica Municipal; Simitrio \u00c1lvarez Benito, subsecretario de Tr\u00e1nsito y Vialidad y Crescenciano D\u00edaz Medina, como secretario de Obras P\u00fablicas.<\/p>\n<p style=\"text-align: justify;\"><img loading=\"lazy\" decoding=\"async\" class=\"alignleft size-medium wp-image-1232757\" src=\"https:\/\/www.acapulco.press\/wp-content\/uploads\/2021\/10\/GSA-TLAPA4-375x281.jpg\" alt=\"\" width=\"375\" height=\"281\" \/>En su mensaje, Solano Arreaga los exhort\u00f3 para que se conduzcan de forma \u00e9tica, transparente y no pongan en vilo los intereses del pueblo.<\/p>\n<p style=\"text-align: justify;\">El presidente les dijo que, la ciudadan\u00eda les exigir\u00e1 resultados, porque con su voto deposit\u00f3 su confianza en ellos. Por lo que les pidi\u00f3 velar por la integridad de la ciudadan\u00eda y del patrimonio municipal.<\/p>\n","protected":false},"excerpt":{"rendered":"<p>TLAPA DE COMONFORT. * 1 de octubre de 2021. ) Gobierno de Tlapa. Con la protesta de ley y previamente aprobados por el Cabildo, el presidente municipal de Tlapa de Comonfort, Gilberto Solano Arreaga nombr\u00f3 y tom\u00f3 protesta a cinco miembros de su gabinete. El primer nombramiento fue para Joaqu\u00edn \u00c1lvarez Alonso, quien a partir&#8230;<\/p>\n","protected":false},"author":2,"featured_media":1232755,"comment_status":"closed","ping_status":"closed","sticky":false,"template":"","format":"standard","meta":{"footnotes":""},"categories":[18589,18561],"tags":[4495,9199,9321],"class_list":["post-1232753","post","type-post","status-publish","format-standard","has-post-thumbnail","hentry","category-gobierno-de-tlapa","category-society-politics","tag-ayuntamiento-de-tlapa","tag-gilberto-solano-arreaga","tag-gobierno-de-tlapa"],"_links":{"self":[{"href":"https:\/\/www.acapulcopress.com\/index.php\/wp-json\/wp\/v2\/posts\/1232753","targetHints":{"allow":["GET"]}}],"collection":[{"href":"https:\/\/www.acapulcopress.com\/index.php\/wp-json\/wp\/v2\/posts"}],"about":[{"href":"https:\/\/www.acapulcopress.com\/index.php\/wp-json\/wp\/v2\/types\/post"}],"author":[{"embeddable":true,"href":"https:\/\/www.acapulcopress.com\/index.php\/wp-json\/wp\/v2\/users\/2"}],"replies":[{"embeddable":true,"href":"https:\/\/www.acapulcopress.com\/index.php\/wp-json\/wp\/v2\/comments?post=1232753"}],"version-history":[{"count":0,"href":"https:\/\/www.acapulcopress.com\/index.php\/wp-json\/wp\/v2\/posts\/1232753\/revisions"}],"wp:featuredmedia":[{"embeddable":true,"href":"https:\/\/www.acapulcopress.com\/index.php\/wp-json\/"}],"wp:attachment":[{"href":"https:\/\/www.acapulcopress.com\/index.php\/wp-json\/wp\/v2\/media?parent=1232753"}],"wp:term":[{"taxonomy":"category","embeddable":true,"href":"https:\/\/www.acapulcopress.com\/index.php\/wp-json\/wp\/v2\/categories?post=1232753"},{"taxonomy":"post_tag","embeddable":true,"href":"https:\/\/www.acapulcopress.com\/index.php\/wp-json\/wp\/v2\/tags?post=1232753"}],"curies":[{"name":"wp","href":"https:\/\/api.w.org\/{rel}","templated":true}]}}