{"id":1232778,"date":"2021-10-05T18:13:16","date_gmt":"2021-10-05T23:13:16","guid":{"rendered":"https:\/\/www.acapulco.press\/?p=1232778"},"modified":"2021-10-05T18:13:16","modified_gmt":"2021-10-05T23:13:16","slug":"emmanuel-sandoval-nuevo-director-general-de-investigaciones-de-fgegro","status":"publish","type":"post","link":"https:\/\/www.acapulcopress.com\/index.php\/2021\/10\/05\/emmanuel-sandoval-nuevo-director-general-de-investigaciones-de-fgegro\/","title":{"rendered":"Emmanuel Sandoval, nuevo director general de Investigaciones de #FGEGro"},"content":{"rendered":"<p>CHILPANCINGO. * 5 de octubre de 2021.<br \/>\n<em>) \u00a0<a href=\"https:\/\/fiscaliaguerrero.gob.mx\" target=\"_blank\" rel=\"noopener\">https:\/\/fiscaliaguerrero.gob.mx<\/a>.<\/em><\/p>\n<p style=\"text-align: justify;\">Por instrucci\u00f3n del Fiscal General del Estado, Jorge Zuriel de los Santos Barrila, el Vicefiscal de Investigaci\u00f3n, H\u00e9ctor Salvador Calleja Panigua, dio posesi\u00f3n al Lic. Jes\u00fas Emmanuel Sandoval M\u00e9nez, como Director General de Investigaciones, a quien instruy\u00f3 a desempe\u00f1ar el trabajo de manera responsable y con base a la ley org\u00e1nica de la instituci\u00f3n y siempre dentro del marco de la legalidad y eficiencia como servidor p\u00fablico en beneficio de la sociedad.<\/p>\n","protected":false},"excerpt":{"rendered":"<p>CHILPANCINGO. * 5 de octubre de 2021. ) \u00a0https:\/\/fiscaliaguerrero.gob.mx. Por instrucci\u00f3n del Fiscal General del Estado, Jorge Zuriel de los Santos Barrila, el Vicefiscal de Investigaci\u00f3n, H\u00e9ctor Salvador Calleja Panigua, dio posesi\u00f3n al Lic. Jes\u00fas Emmanuel Sandoval M\u00e9nez, como Director General de Investigaciones, a quien instruy\u00f3 a desempe\u00f1ar el trabajo de manera responsable y con&#8230;<\/p>\n","protected":false},"author":2,"featured_media":1232779,"comment_status":"closed","ping_status":"closed","sticky":false,"template":"","format":"standard","meta":{"footnotes":""},"categories":[1969,2005],"tags":[8703,10718,10946,14737],"class_list":["post-1232778","post","type-post","status-publish","format-standard","has-post-thumbnail","hentry","category-trending","category-seguridad-y-justicia","tag-fiscalia-general-del-estado-de-guerrero-fge","tag-jesus-emmanuel-sandoval-menez","tag-jorge-zuriel-de-los-santos-barrila","tag-policia-ministerial-de-guerrero"],"_links":{"self":[{"href":"https:\/\/www.acapulcopress.com\/index.php\/wp-json\/wp\/v2\/posts\/1232778","targetHints":{"allow":["GET"]}}],"collection":[{"href":"https:\/\/www.acapulcopress.com\/index.php\/wp-json\/wp\/v2\/posts"}],"about":[{"href":"https:\/\/www.acapulcopress.com\/index.php\/wp-json\/wp\/v2\/types\/post"}],"author":[{"embeddable":true,"href":"https:\/\/www.acapulcopress.com\/index.php\/wp-json\/wp\/v2\/users\/2"}],"replies":[{"embeddable":true,"href":"https:\/\/www.acapulcopress.com\/index.php\/wp-json\/wp\/v2\/comments?post=1232778"}],"version-history":[{"count":0,"href":"https:\/\/www.acapulcopress.com\/index.php\/wp-json\/wp\/v2\/posts\/1232778\/revisions"}],"wp:featuredmedia":[{"embeddable":true,"href":"https:\/\/www.acapulcopress.com\/index.php\/wp-json\/"}],"wp:attachment":[{"href":"https:\/\/www.acapulcopress.com\/index.php\/wp-json\/wp\/v2\/media?parent=1232778"}],"wp:term":[{"taxonomy":"category","embeddable":true,"href":"https:\/\/www.acapulcopress.com\/index.php\/wp-json\/wp\/v2\/categories?post=1232778"},{"taxonomy":"post_tag","embeddable":true,"href":"https:\/\/www.acapulcopress.com\/index.php\/wp-json\/wp\/v2\/tags?post=1232778"}],"curies":[{"name":"wp","href":"https:\/\/api.w.org\/{rel}","templated":true}]}}