{"id":1232784,"date":"2021-10-05T18:40:52","date_gmt":"2021-10-05T23:40:52","guid":{"rendered":"https:\/\/www.acapulco.press\/?p=1232784"},"modified":"2021-10-05T18:40:52","modified_gmt":"2021-10-05T23:40:52","slug":"fiscalia-consigue-36-anos-de-carcel-contra-violador-de-una-menor-en-huamuxtitlan","status":"publish","type":"post","link":"https:\/\/www.acapulcopress.com\/index.php\/2021\/10\/05\/fiscalia-consigue-36-anos-de-carcel-contra-violador-de-una-menor-en-huamuxtitlan\/","title":{"rendered":"Fiscal\u00eda consigue 36 a\u00f1os de c\u00e1rcel contra violador de una menor en Huamuxtitl\u00e1n"},"content":{"rendered":"<p style=\"text-align: justify;\">CHILPANCINGO. * 5 de octubre de 2021.<br \/>\n<em>) <a href=\"https:\/\/fiscaliaguerrero.gob.mx\" target=\"_blank\" rel=\"noopener\">https:\/\/fiscaliaguerrero.gob.mx<\/a>.<\/em><\/p>\n<p style=\"text-align: justify;\">La Fiscal\u00eda General del Estado logr\u00f3 sentencia condenatoria de 36 a\u00f1os de prisi\u00f3n en contra de Israel \u00abN\u00bb, encontrado culpable y penalmente responsable del delito de violaci\u00f3n equiparada agravada, en el municipio de Humuxtitl\u00e1n.<\/p>\n<p style=\"text-align: justify;\">El Ministerio P\u00fablico acredit\u00f3 la responsabilidad del imputado, delito que ven\u00eda cometiendo bajo amenazas desde 2018 en agravio de la menor v\u00edctima, en el mismo domicilio que ambos habitaban, aprovechando que la madre no se encontraba en casa, poblado de Tlaquiltepec, hechos en la carpeta judicial C-13\/2019.<\/p>\n<p style=\"text-align: justify;\">Con fecha 29 de septiembre de 2021, el Tribunal de Enjuiciamiento Penal dict\u00f3 el fallo condenatorio en contra de Israel \u00abN\u00bb, a una pena privativa de su libertad de 36 a\u00f1os de prisi\u00f3n, una multa equivalente a 500 d\u00edas, adem\u00e1s de pagar por la reparaci\u00f3n del da\u00f1o y queda interno hasta purgar su condena en el Centro de Reinserci\u00f3n Social.<\/p>\n<p style=\"text-align: justify;\">La Fiscal\u00eda General del Estado continuar\u00e1 investigando los delitos del fuero com\u00fan y con especial seguimiento los cometidos en temas de igualdad de g\u00e9nero y menores de edad en el estado de Guerrero.<\/p>\n","protected":false},"excerpt":{"rendered":"<p>CHILPANCINGO. * 5 de octubre de 2021. ) https:\/\/fiscaliaguerrero.gob.mx. La Fiscal\u00eda General del Estado logr\u00f3 sentencia condenatoria de 36 a\u00f1os de prisi\u00f3n en contra de Israel \u00abN\u00bb, encontrado culpable y penalmente responsable del delito de violaci\u00f3n equiparada agravada, en el municipio de Humuxtitl\u00e1n. El Ministerio P\u00fablico acredit\u00f3 la responsabilidad del imputado, delito que ven\u00eda cometiendo&#8230;<\/p>\n","protected":false},"author":2,"featured_media":1232785,"comment_status":"closed","ping_status":"closed","sticky":false,"template":"","format":"standard","meta":{"footnotes":""},"categories":[1969,2005],"tags":[],"class_list":["post-1232784","post","type-post","status-publish","format-standard","has-post-thumbnail","hentry","category-trending","category-seguridad-y-justicia"],"_links":{"self":[{"href":"https:\/\/www.acapulcopress.com\/index.php\/wp-json\/wp\/v2\/posts\/1232784","targetHints":{"allow":["GET"]}}],"collection":[{"href":"https:\/\/www.acapulcopress.com\/index.php\/wp-json\/wp\/v2\/posts"}],"about":[{"href":"https:\/\/www.acapulcopress.com\/index.php\/wp-json\/wp\/v2\/types\/post"}],"author":[{"embeddable":true,"href":"https:\/\/www.acapulcopress.com\/index.php\/wp-json\/wp\/v2\/users\/2"}],"replies":[{"embeddable":true,"href":"https:\/\/www.acapulcopress.com\/index.php\/wp-json\/wp\/v2\/comments?post=1232784"}],"version-history":[{"count":0,"href":"https:\/\/www.acapulcopress.com\/index.php\/wp-json\/wp\/v2\/posts\/1232784\/revisions"}],"wp:featuredmedia":[{"embeddable":true,"href":"https:\/\/www.acapulcopress.com\/index.php\/wp-json\/"}],"wp:attachment":[{"href":"https:\/\/www.acapulcopress.com\/index.php\/wp-json\/wp\/v2\/media?parent=1232784"}],"wp:term":[{"taxonomy":"category","embeddable":true,"href":"https:\/\/www.acapulcopress.com\/index.php\/wp-json\/wp\/v2\/categories?post=1232784"},{"taxonomy":"post_tag","embeddable":true,"href":"https:\/\/www.acapulcopress.com\/index.php\/wp-json\/wp\/v2\/tags?post=1232784"}],"curies":[{"name":"wp","href":"https:\/\/api.w.org\/{rel}","templated":true}]}}