{"id":1232799,"date":"2021-10-05T19:33:26","date_gmt":"2021-10-06T00:33:26","guid":{"rendered":"https:\/\/www.acapulco.press\/?p=1232799"},"modified":"2021-10-05T19:33:26","modified_gmt":"2021-10-06T00:33:26","slug":"anorve-se-analizara-a-profundidad-y-con-responsabilidad-reforma-energetica-de-amlo","status":"publish","type":"post","link":"https:\/\/www.acapulcopress.com\/index.php\/2021\/10\/05\/anorve-se-analizara-a-profundidad-y-con-responsabilidad-reforma-energetica-de-amlo\/","title":{"rendered":"A\u00f1orve | Se analizar\u00e1 a profundidad y con responsabilidad Reforma Energ\u00e9tica de AMLO"},"content":{"rendered":"<p style=\"text-align: justify;\">CIUDAD DE M\u00c9XICO. * 5 de octubre de 2021.<br \/>\n<em>) Especial.<\/em><\/p>\n<p style=\"text-align: justify;\">El Senador de la Rep\u00fablica, Manuel A\u00f1orve Ba\u00f1os, asegur\u00f3 que el Grupo Parlamentario del PRI en el Senado actuar\u00e1 con responsabilidad, y analizar\u00e1n a profundidad la Reforma Energ\u00e9tica que mand\u00f3 el Presidente de la Rep\u00fablica, Andr\u00e9s Manuel L\u00f3pez Obrador.<\/p>\n<p style=\"text-align: justify;\">Entrevistado afuera del sal\u00f3n de sesiones, A\u00f1orve Ba\u00f1os, asegur\u00f3 que como legisladores no van a caer en supuestos, ni especulaciones en relaci\u00f3n al tema de la reforma.<\/p>\n<p style=\"text-align: justify;\">Manuel A\u00f1orve, puntualiz\u00f3 que lo m\u00e1s importante es dejar en claro que como grupo parlamentario, no van a legislar bajo presiones externas, ni internas, sino con responsabilidad.<\/p>\n<p style=\"text-align: justify;\">Por ello, el Senador priista, detall\u00f3 que como grupo parlamentario se encuentran realizando reuniones privadas con especialistas en la materia, a fin de aclara las dudas que tienen.<\/p>\n<div style=\"width: 848px;\" class=\"wp-video\"><video class=\"wp-video-shortcode\" id=\"video-1232799-1\" width=\"848\" height=\"480\" preload=\"metadata\" controls=\"controls\"><source type=\"video\/mp4\" src=\"https:\/\/www.acapulco.press\/wp-content\/uploads\/2021\/10\/ANORVE-SENADO.mp4?_=1\" \/><a href=\"https:\/\/www.acapulco.press\/wp-content\/uploads\/2021\/10\/ANORVE-SENADO.mp4\">https:\/\/www.acapulco.press\/wp-content\/uploads\/2021\/10\/ANORVE-SENADO.mp4<\/a><\/video><\/div>\n","protected":false},"excerpt":{"rendered":"<p>CIUDAD DE M\u00c9XICO. * 5 de octubre de 2021. ) Especial. El Senador de la Rep\u00fablica, Manuel A\u00f1orve Ba\u00f1os, asegur\u00f3 que el Grupo Parlamentario del PRI en el Senado actuar\u00e1 con responsabilidad, y analizar\u00e1n a profundidad la Reforma Energ\u00e9tica que mand\u00f3 el Presidente de la Rep\u00fablica, Andr\u00e9s Manuel L\u00f3pez Obrador. Entrevistado afuera del sal\u00f3n de&#8230;<\/p>\n","protected":false},"author":2,"featured_media":1232802,"comment_status":"closed","ping_status":"closed","sticky":false,"template":"","format":"standard","meta":{"footnotes":""},"categories":[61,18561],"tags":[3793,12366,15396,16471],"class_list":["post-1232799","post","type-post","status-publish","format-standard","has-post-thumbnail","hentry","category-legislacion","category-society-politics","tag-amlo","tag-manuel-anorve-banos","tag-reforma-energetica","tag-senado-de-la-republica"],"_links":{"self":[{"href":"https:\/\/www.acapulcopress.com\/index.php\/wp-json\/wp\/v2\/posts\/1232799","targetHints":{"allow":["GET"]}}],"collection":[{"href":"https:\/\/www.acapulcopress.com\/index.php\/wp-json\/wp\/v2\/posts"}],"about":[{"href":"https:\/\/www.acapulcopress.com\/index.php\/wp-json\/wp\/v2\/types\/post"}],"author":[{"embeddable":true,"href":"https:\/\/www.acapulcopress.com\/index.php\/wp-json\/wp\/v2\/users\/2"}],"replies":[{"embeddable":true,"href":"https:\/\/www.acapulcopress.com\/index.php\/wp-json\/wp\/v2\/comments?post=1232799"}],"version-history":[{"count":0,"href":"https:\/\/www.acapulcopress.com\/index.php\/wp-json\/wp\/v2\/posts\/1232799\/revisions"}],"wp:featuredmedia":[{"embeddable":true,"href":"https:\/\/www.acapulcopress.com\/index.php\/wp-json\/"}],"wp:attachment":[{"href":"https:\/\/www.acapulcopress.com\/index.php\/wp-json\/wp\/v2\/media?parent=1232799"}],"wp:term":[{"taxonomy":"category","embeddable":true,"href":"https:\/\/www.acapulcopress.com\/index.php\/wp-json\/wp\/v2\/categories?post=1232799"},{"taxonomy":"post_tag","embeddable":true,"href":"https:\/\/www.acapulcopress.com\/index.php\/wp-json\/wp\/v2\/tags?post=1232799"}],"curies":[{"name":"wp","href":"https:\/\/api.w.org\/{rel}","templated":true}]}}