{"id":1232809,"date":"2021-10-05T19:46:31","date_gmt":"2021-10-06T00:46:31","guid":{"rendered":"https:\/\/www.acapulco.press\/?p=1232809"},"modified":"2021-10-05T19:46:31","modified_gmt":"2021-10-06T00:46:31","slug":"apagon-de-redes-sociales-un-problema-mucho-mas-alla-del-ocio","status":"publish","type":"post","link":"https:\/\/www.acapulcopress.com\/index.php\/2021\/10\/05\/apagon-de-redes-sociales-un-problema-mucho-mas-alla-del-ocio\/","title":{"rendered":"\u2018Apag\u00f3n\u2019 de redes sociales, un problema mucho m\u00e1s all\u00e1 del ocio"},"content":{"rendered":"<p style=\"text-align: justify;\">MADRID. * 5 de octubre de 2021.<br \/>\n<em>) <a href=\"https:\/\/www.efe.com\/efe\/espana\/efefuturo\/el-apagon-de-las-redes-un-problema-mucho-mas-alla-del-ocio\/50000905-4645207\" target=\"_blank\" rel=\"noopener\">Efe<\/a>.<\/em><\/p>\n<p style=\"text-align: justify;\">Mucho m\u00e1s all\u00e1 del ocio y del mero entretenimiento, los expertos consideran que un \u201capag\u00f3n\u201d de las redes sociales como el de la v\u00edspera tiene repercusiones econ\u00f3micas, sociales y hasta personales muy graves, ya que muchas de esas aplicaciones se utilizan como herramientas de trabajo.<\/p>\n<p style=\"text-align: justify;\">Varios expertos consultados observaron adem\u00e1s que se trata de servicios gratuitos que estas empresas ofrecen a los usuarios, y que no hay forma por lo tanto de reclamar ning\u00fan perjuicio, ya que las propias compa\u00f1\u00edas alertan a la hora de dar de alta a los usuarios -aunque pocos lo leen- de que ese servicio puede verse interrumpido.<\/p>\n<p style=\"text-align: justify;\">Fueron cuatro de las principales redes sociales y de mensajer\u00eda m\u00e1s utilizadas en el mundo (Facebook, WhatsApp, Messenger e Instagram), pertenecientes a la misma empresa, las que ayer se \u201ccayeron\u201d durante m\u00e1s de seis horas.<\/p>\n<p style=\"text-align: justify;\">Seg\u00fan el presidente de la asociaci\u00f3n espa\u00f1ola de usuarios de internet AUI, Miguel Sub\u00edas, los ciudadanos piensan que estos \u201cgigantes\u201d est\u00e1n a salvo de este tipo de incidencias y cada vez depositan m\u00e1s datos o informaci\u00f3n en lugares como \u201cla nube\u201d que ofrecen este tipo de empresas \u201csin parar a leer y a pensar que en las condiciones de uso ya establecen que el servicio puede ser interrumpido\u201d.<\/p>\n<p style=\"text-align: justify;\">Esa interrupci\u00f3n del servicio se produce \u201csin ninguna responsabilidad\u201d, observ\u00f3 Sub\u00edas, e incidi\u00f3 en que muchas personas hacen \u201cpivotar\u201d su actividad personal y profesional sobre esas redes, y algunas de ellas, como Whatsapp, est\u00e1n sustituyendo a otras herramientas utilizadas tradicionalmente para la comunicaci\u00f3n y la coordinaci\u00f3n en los \u00e1mbitos laborales.<\/p>\n<p style=\"text-align: justify;\">\u201cTodos tenemos los grupos familiares y los de amigos, pero tenemos tambi\u00e9n varios grupos de trabajo\u201d, seg\u00fan el presidente de la AUI, quien explic\u00f3 adem\u00e1s las marcadas diferencias seg\u00fan los grupos de edad, ya que los usuarios m\u00e1s j\u00f3venes apenas usan el correo electr\u00f3nico, el tel\u00e9fono o los sms.<\/p>\n<p style=\"text-align: justify;\">ub\u00edas advirti\u00f3 de que en las condiciones \u201cque siempre aceptamos y nunca leemos\u201d figura que la empresa no tiene ninguna responsabilidad en caso de interrupci\u00f3n del servicio, aunque a su juicio esto cambiar\u00e1 con el paso del tiempo porque algunas de esas aplicaciones se est\u00e1n consolidando como servicios de telecomunicaciones \u201cb\u00e1sicos\u201d para la ciudadan\u00eda y que se prestan de una forma casi monop\u00f3lica.<\/p>\n<p style=\"text-align: justify;\">Marc Rivero, experto de la multinacional del sector de la ciberseguridad Kaspersky, subray\u00f3 que todos los grandes proveedores sufren \u201cca\u00eddas\u201d en su infraestructura, pero en el caso de los servicios globales como los que prestan Facebook, WhatsApp o Instagram alcanzan \u201cmucha notoriedad\u201d.<\/p>\n<p style=\"text-align: justify;\">En declaraciones a EFE, Rivero record\u00f3 que la ca\u00edda sufrida este lunes se produjo tras un cambio fallido de configuraci\u00f3n que provoc\u00f3 un fallo en cascada, pero ha opinado que en este caso, al tratarse de una ca\u00edda de los servicios, el posible riesgo de una brecha de seguridad de los datos de usuarios resulta \u201cpoco probable\u201d.<\/p>\n<p style=\"text-align: justify;\">La empresa de seguridad inform\u00e1tica Panda difundi\u00f3 esta ma\u00f1ana una nota en la que analiza qu\u00e9 podr\u00eda haber detr\u00e1s de ese apag\u00f3n y si puede tratarse de un error humano o de un ciberataque.<\/p>\n<p style=\"text-align: justify;\">Seg\u00fan esta empresa, es posible que haya habido alg\u00fan fallo no detectado que haya generado una cascada de errores y ha asegurado que el origen m\u00e1s com\u00fan de las grandes \u201cca\u00eddas\u201d suele ser ese: \u201cel despiste humano\u201d, pero tambi\u00e9n que podr\u00eda haberse debido en este caso a alg\u00fan tipo de ataque malintencionado.<\/p>\n<p style=\"text-align: justify;\">Y precisamente este martes, horas despu\u00e9s del \u201capag\u00f3n\u201d de esas redes sociales, la Universidad Internacional de la Rioja (UNIR) ha dado a conocer los resultados de una investigaci\u00f3n sobre la \u201cnomofobia\u201d, el miedo irracional que sufren muchas personas a quedarse sin el m\u00f3vil o a permanecer desconectados.<\/p>\n<p style=\"text-align: justify;\">El estudio, que se ha centrado en una revisi\u00f3n de toda la literatura cient\u00edfica que existe sobre este tema entre los a\u00f1os 2010 y 2019, apunta que las mujeres y los j\u00f3venes son m\u00e1s vulnerables a padecer ese miedo irracional a separarse del m\u00f3vil.<\/p>\n","protected":false},"excerpt":{"rendered":"<p>MADRID. * 5 de octubre de 2021. ) Efe. Mucho m\u00e1s all\u00e1 del ocio y del mero entretenimiento, los expertos consideran que un \u201capag\u00f3n\u201d de las redes sociales como el de la v\u00edspera tiene repercusiones econ\u00f3micas, sociales y hasta personales muy graves, ya que muchas de esas aplicaciones se utilizan como herramientas de trabajo. Varios&#8230;<\/p>\n","protected":false},"author":2,"featured_media":1232810,"comment_status":"closed","ping_status":"closed","sticky":false,"template":"","format":"standard","meta":{"footnotes":""},"categories":[1972,2068,1988],"tags":[2142],"class_list":["post-1232809","post","type-post","status-publish","format-standard","has-post-thumbnail","hentry","category-special","category-redes-sociales","category-lifestyles","tag-apagon-de-redes-sociales"],"_links":{"self":[{"href":"https:\/\/www.acapulcopress.com\/index.php\/wp-json\/wp\/v2\/posts\/1232809","targetHints":{"allow":["GET"]}}],"collection":[{"href":"https:\/\/www.acapulcopress.com\/index.php\/wp-json\/wp\/v2\/posts"}],"about":[{"href":"https:\/\/www.acapulcopress.com\/index.php\/wp-json\/wp\/v2\/types\/post"}],"author":[{"embeddable":true,"href":"https:\/\/www.acapulcopress.com\/index.php\/wp-json\/wp\/v2\/users\/2"}],"replies":[{"embeddable":true,"href":"https:\/\/www.acapulcopress.com\/index.php\/wp-json\/wp\/v2\/comments?post=1232809"}],"version-history":[{"count":0,"href":"https:\/\/www.acapulcopress.com\/index.php\/wp-json\/wp\/v2\/posts\/1232809\/revisions"}],"wp:featuredmedia":[{"embeddable":true,"href":"https:\/\/www.acapulcopress.com\/index.php\/wp-json\/"}],"wp:attachment":[{"href":"https:\/\/www.acapulcopress.com\/index.php\/wp-json\/wp\/v2\/media?parent=1232809"}],"wp:term":[{"taxonomy":"category","embeddable":true,"href":"https:\/\/www.acapulcopress.com\/index.php\/wp-json\/wp\/v2\/categories?post=1232809"},{"taxonomy":"post_tag","embeddable":true,"href":"https:\/\/www.acapulcopress.com\/index.php\/wp-json\/wp\/v2\/tags?post=1232809"}],"curies":[{"name":"wp","href":"https:\/\/api.w.org\/{rel}","templated":true}]}}