{"id":1232816,"date":"2021-10-05T19:58:11","date_gmt":"2021-10-06T00:58:11","guid":{"rendered":"https:\/\/www.acapulco.press\/?p=1232816"},"modified":"2021-10-05T19:58:11","modified_gmt":"2021-10-06T00:58:11","slug":"festival-de-morelia-recibira-a-leos-carax-y-lorenzo-vigas","status":"publish","type":"post","link":"https:\/\/www.acapulcopress.com\/index.php\/2021\/10\/05\/festival-de-morelia-recibira-a-leos-carax-y-lorenzo-vigas\/","title":{"rendered":"Festival de Morelia recibir\u00e1 a Leos Carax y Lorenzo Vigas"},"content":{"rendered":"<p style=\"text-align: justify;\">MORELIA. * 5 de octubre de 2021.<br \/>\n<em>) <a href=\"https:\/\/apnews.com\/article\/espectaculos-e37618ef16e00d6b124eb343a58fb0aa\" target=\"_blank\" rel=\"noopener\">Efe<\/a>.<\/em><\/p>\n<p style=\"text-align: justify;\">El Festival Internacional de Cine de Morelia (FICM) se prepara para su segunda edici\u00f3n en formato h\u00edbrido con invitados como Leos Carax, Lorenzo Vigas y Jason Reitman.<\/p>\n<p style=\"text-align: justify;\">\u201cAnnette\u201d de Carax, protagonizada por Adam Driver y Marion Cotillard y que ha sido definida como una especie de \u00f3pera rock, ser\u00e1 la pel\u00edcula inaugural del FICM el 27 de octubre, con la presencia de Carax y el productor mexicano Julio Chavezmontes. El FICM tambi\u00e9n presentar\u00e1 una retrospectiva del director franc\u00e9s.<\/p>\n<p style=\"text-align: justify;\">Jason Reitman clausurar\u00e1 el evento el 1 de noviembre con una funci\u00f3n de \u201cGhostbusters: Afterlife\u201d (\u201cGhostbusters: El legado\u201d), una cinta de la serie de los Cazafantasmas en la que una madre soltera y sus dos hijos descubren su conexi\u00f3n con estos peculiares cazadores de seres paranormales.<\/p>\n<p style=\"text-align: justify;\">\u201cSi vemos que vamos a Leos Carax a \u2018Ghostbusters\u2019, con todo lo que hay en medio, lo que hay es una variedad que es lo que tratamos de presentar siempre\u201d, dijo Cuauht\u00e9moc C\u00e1rdenas Batel, presidente del FICM, el martes en conferencia de prensa. \u201cCreo que hay una enorme variedad y esa es una de las grandes riquezas de nuestro festival\u201d.<\/p>\n<p style=\"text-align: justify;\">Un total de 99 filmes entre cortometrajes, documentales y largometrajes de m\u00e1s de 100 realizadores mexicanos se presentar\u00e1n en Morelia, capital del estado mexicano de Michoac\u00e1n.<\/p>\n<p style=\"text-align: justify;\">\u201cEste a\u00f1o recibimos 702 trabajos y 25% de estos trabajos fueron de realizadoras mujeres, pero nosotros en la selecci\u00f3n final tenemos un 40% de componente de pel\u00edculas hechas por realizadoras mexicanas, lo cual nos da much\u00edsimo gusto\u201d, dijo Daniela Michel, directora del FICM.<\/p>\n<p style=\"text-align: justify;\">La secci\u00f3n de largometrajes mexicanos est\u00e1 conformada por \u201c50 o dos ballenas se encuentran en la playa\u201d de Jorge Cuch\u00ed, \u201cEl camino de Sol\u201d de Claudia Sainte-Luce, \u201cEstaci\u00f3n Catorce\u201d de Diana Cardozo, \u201cHope, Soledad\u201d de Yolanda Cruz, \u201cEl hoyo en la cerca\u201d de Joaqu\u00edn del Paso, \u201cLos minutos negros\u201d de Mario Mu\u00f1oz, \u201cNudo mixteco\u201d de \u00c1ngeles Cruz, \u201cEl otro Tom\u201d de Rodrigo Pl\u00e1 y Laura Santullo, \u201cUna pel\u00edcula de polic\u00edas\u201d de Alonso Ruizpalacios y \u201cTraves\u00edas\u201d de Sergio Flores Thorija.<\/p>\n<p style=\"text-align: justify;\">Por octavo a\u00f1o consecutivo se presentar\u00e1 la selecci\u00f3n de cortometraje mexicano en l\u00ednea, en la que el p\u00fablico podr\u00e1 votar por su obra favorita. Mientras que la plataforma de streaming Cinepolis Klic presentar\u00e1 en funciones gratuitas algunas de las pel\u00edculas del festival.<\/p>\n<p style=\"text-align: justify;\">En el Foro de los Pueblos Ind\u00edgenas se exhibir\u00e1 \u201cNudo mixteco\u201d y \u201cHope, Soledad\u201d, as\u00ed como \u201cVaychiletik\u201d de Juan Javier P\u00e9rez y \u201cPobo\u2019tzu\u2019\u201d de Tania Ximena Ruiz y Yollotl Alvarado.<\/p>\n<p style=\"text-align: justify;\">El jurado estar\u00e1 conformado por: el cineasta alem\u00e1n Volker Schl\u00f6ndorff; el escritor y realizador franc\u00e9s Philippe Claudel; el historiador de cine y realizador Mark Cousins; Sadie Tillery, directora art\u00edstica del Full Frame Documentary Film Festival; la documentalista y directora mexicana Tatiana Huezo; Ehsan Khoshbakht, realizador y codirector de Il Cinema Ritrovato; la cineasta Elizabeth Lo; Clementine Dramani Issifou, integrante del comit\u00e9 de selecci\u00f3n de la Semana de la Cr\u00edtica de Cannes; la realizadora mexica Luna Mar\u00e1n; Jos\u00e9 Rodr\u00edguez, integrante del comit\u00e9 de programaci\u00f3n del Festival de Tribeca; Manuel El\u00edas L\u00f3pez Monroy, director de la Escuela Nacional de Artes Cinematogr\u00e1ficas (ENAC); y Paula Amor, directora general de La Corriente del Golfo.<\/p>\n<p style=\"text-align: justify;\">El director venezolano Lorenzo Vigas presentar\u00e1 en una funci\u00f3n de gala su nueva pel\u00edcula \u201cLa caja\u201d, estrenada recientemente en el Festival de Venecia.<\/p>\n<p style=\"text-align: justify;\">La cineasta belga-rumana Teodora Mihai presentar\u00e1 \u201cLa civil\u201d, galardonada en el Festival de Cannes con el premio a la valent\u00eda, mientras que Tatiana Huezo presentar\u00e1 su cinta \u201cNoche de fuego\u201d, merecedora de una menci\u00f3n especial en Cannes.<\/p>\n<p style=\"text-align: justify;\">El cineasta tailand\u00e9s Apichatpong Weerasethakul presentar\u00e1 su pel\u00edcula \u201cMemoria\u201d en formato virtual, al igual que el director mexicano Michel Franco, quien presentar\u00e1 su filme \u201cSundown\u201d estrenado en el pasado Festival de Venecia.<\/p>\n<p style=\"text-align: justify;\">Las cinta ganadora del Le\u00f3n de Oro en la pasada edici\u00f3n de Venecia \u201cHappening\u201d, de Audrey Diwan, y la galardonada con la Palma de Oro en Cannes \u201cTitane\u201d de Julia Ducournau, tambi\u00e9n forman parte del programa de Morelia.<\/p>\n","protected":false},"excerpt":{"rendered":"<p>MORELIA. * 5 de octubre de 2021. ) Efe. El Festival Internacional de Cine de Morelia (FICM) se prepara para su segunda edici\u00f3n en formato h\u00edbrido con invitados como Leos Carax, Lorenzo Vigas y Jason Reitman. \u201cAnnette\u201d de Carax, protagonizada por Adam Driver y Marion Cotillard y que ha sido definida como una especie de&#8230;<\/p>\n","protected":false},"author":2,"featured_media":1232817,"comment_status":"closed","ping_status":"closed","sticky":false,"template":"","format":"standard","meta":{"footnotes":""},"categories":[1972,2058,1988],"tags":[8584,10603,11776,12061],"class_list":["post-1232816","post","type-post","status-publish","format-standard","has-post-thumbnail","hentry","category-special","category-festivales-y-tradiciones","category-lifestyles","tag-festival-internacional-de-cine-de-morelia-ficm","tag-jason-reitman","tag-leos-carax","tag-lorenzo-vigas"],"_links":{"self":[{"href":"https:\/\/www.acapulcopress.com\/index.php\/wp-json\/wp\/v2\/posts\/1232816","targetHints":{"allow":["GET"]}}],"collection":[{"href":"https:\/\/www.acapulcopress.com\/index.php\/wp-json\/wp\/v2\/posts"}],"about":[{"href":"https:\/\/www.acapulcopress.com\/index.php\/wp-json\/wp\/v2\/types\/post"}],"author":[{"embeddable":true,"href":"https:\/\/www.acapulcopress.com\/index.php\/wp-json\/wp\/v2\/users\/2"}],"replies":[{"embeddable":true,"href":"https:\/\/www.acapulcopress.com\/index.php\/wp-json\/wp\/v2\/comments?post=1232816"}],"version-history":[{"count":0,"href":"https:\/\/www.acapulcopress.com\/index.php\/wp-json\/wp\/v2\/posts\/1232816\/revisions"}],"wp:featuredmedia":[{"embeddable":true,"href":"https:\/\/www.acapulcopress.com\/index.php\/wp-json\/"}],"wp:attachment":[{"href":"https:\/\/www.acapulcopress.com\/index.php\/wp-json\/wp\/v2\/media?parent=1232816"}],"wp:term":[{"taxonomy":"category","embeddable":true,"href":"https:\/\/www.acapulcopress.com\/index.php\/wp-json\/wp\/v2\/categories?post=1232816"},{"taxonomy":"post_tag","embeddable":true,"href":"https:\/\/www.acapulcopress.com\/index.php\/wp-json\/wp\/v2\/tags?post=1232816"}],"curies":[{"name":"wp","href":"https:\/\/api.w.org\/{rel}","templated":true}]}}