{"id":1232846,"date":"2021-10-06T19:05:45","date_gmt":"2021-10-07T00:05:45","guid":{"rendered":"https:\/\/www.acapulco.press\/?p=1232846"},"modified":"2021-10-06T19:05:45","modified_gmt":"2021-10-07T00:05:45","slug":"aprueba-congreso-orden-del-dia-para-la-toma-de-protesta-de-evelyn-salgado","status":"publish","type":"post","link":"https:\/\/www.acapulcopress.com\/index.php\/2021\/10\/06\/aprueba-congreso-orden-del-dia-para-la-toma-de-protesta-de-evelyn-salgado\/","title":{"rendered":"Aprueba Congreso orden del d\u00eda para la toma de protesta de Evelyn Salgado"},"content":{"rendered":"<p>CHILPANCINGO. * 6 de octubre de 2021.<br \/>\n<em>) Acapulco Press.<\/em><\/p>\n<p style=\"text-align: justify;\">El pleno de la LXIII Legislatura aprob\u00f3 el acuerdo suscrito por el presidente de la Junta de Coordinaci\u00f3n Pol\u00edtica del Congreso de Guerrero, Alfredo S\u00e1nchez Esquivel , en el que se delinea la\u00a0 Orden del D\u00eda de la Sesi\u00f3n Solemne del 15 de octubre de 2021, fecha en que Evelyn Cecia Salgado Pineda rendir\u00e1 protesta de ley como gobernadora constitucional del Estado de Guerrero.<br \/>\n&#8212;<\/p>\n","protected":false},"excerpt":{"rendered":"<p>CHILPANCINGO. * 6 de octubre de 2021. ) Acapulco Press. El pleno de la LXIII Legislatura aprob\u00f3 el acuerdo suscrito por el presidente de la Junta de Coordinaci\u00f3n Pol\u00edtica del Congreso de Guerrero, Alfredo S\u00e1nchez Esquivel , en el que se delinea la\u00a0 Orden del D\u00eda de la Sesi\u00f3n Solemne del 15 de octubre de&#8230;<\/p>\n","protected":false},"author":2,"featured_media":1232840,"comment_status":"closed","ping_status":"closed","sticky":false,"template":"","format":"standard","meta":{"footnotes":""},"categories":[61,18561],"tags":[3660,8241,12253],"class_list":["post-1232846","post","type-post","status-publish","format-standard","has-post-thumbnail","hentry","category-legislacion","category-society-politics","tag-alfredo-sanchez-esquivel","tag-evelyn-cecia-salgado-pineda","tag-lxiii-legislatura-guerrero"],"_links":{"self":[{"href":"https:\/\/www.acapulcopress.com\/index.php\/wp-json\/wp\/v2\/posts\/1232846","targetHints":{"allow":["GET"]}}],"collection":[{"href":"https:\/\/www.acapulcopress.com\/index.php\/wp-json\/wp\/v2\/posts"}],"about":[{"href":"https:\/\/www.acapulcopress.com\/index.php\/wp-json\/wp\/v2\/types\/post"}],"author":[{"embeddable":true,"href":"https:\/\/www.acapulcopress.com\/index.php\/wp-json\/wp\/v2\/users\/2"}],"replies":[{"embeddable":true,"href":"https:\/\/www.acapulcopress.com\/index.php\/wp-json\/wp\/v2\/comments?post=1232846"}],"version-history":[{"count":0,"href":"https:\/\/www.acapulcopress.com\/index.php\/wp-json\/wp\/v2\/posts\/1232846\/revisions"}],"wp:featuredmedia":[{"embeddable":true,"href":"https:\/\/www.acapulcopress.com\/index.php\/wp-json\/"}],"wp:attachment":[{"href":"https:\/\/www.acapulcopress.com\/index.php\/wp-json\/wp\/v2\/media?parent=1232846"}],"wp:term":[{"taxonomy":"category","embeddable":true,"href":"https:\/\/www.acapulcopress.com\/index.php\/wp-json\/wp\/v2\/categories?post=1232846"},{"taxonomy":"post_tag","embeddable":true,"href":"https:\/\/www.acapulcopress.com\/index.php\/wp-json\/wp\/v2\/tags?post=1232846"}],"curies":[{"name":"wp","href":"https:\/\/api.w.org\/{rel}","templated":true}]}}