{"id":1232852,"date":"2021-10-06T19:36:54","date_gmt":"2021-10-07T00:36:54","guid":{"rendered":"https:\/\/www.acapulco.press\/?p=1232852"},"modified":"2021-10-06T19:36:54","modified_gmt":"2021-10-07T00:36:54","slug":"capturan-un-asaltante-en-la-venta-y-dan-prision-preventiva-a-secuestrador-de-acapulco","status":"publish","type":"post","link":"https:\/\/www.acapulcopress.com\/index.php\/2021\/10\/06\/capturan-un-asaltante-en-la-venta-y-dan-prision-preventiva-a-secuestrador-de-acapulco\/","title":{"rendered":"Capturan un asaltante en La Venta y dan prisi\u00f3n preventiva a secuestrador de Acapulco"},"content":{"rendered":"<p style=\"text-align: justify;\">CHILPANCINGO. * 6 de octubre de 2021.<br \/>\n<em>)<a href=\"https:\/\/fiscaliaguerrero.gob.mx\" target=\"_blank\" rel=\"noopener\"> https:\/\/fiscaliaguerrero.gob.mx<\/a>.<\/em><\/p>\n<p style=\"text-align: justify;\">El Ministerio P\u00fablico en Acapulco obtuvo prisi\u00f3n preventiva en contra de Evert \u00abN\u00bb, detenido en flagrancia como probable responsable del delito de secuestro agravado de masculino, quedando interno en el Centro de Reinserci\u00f3n Social.<\/p>\n<p style=\"text-align: justify;\">De acuerdo a la carpeta judicial C-583\/2021 dos personas del sexo masculino privaron de la libertad a la v\u00edctima, quien se dedica a la venta de l\u00e1cteos, cuando \u00e9sta se encontraba en la gasolinera de La Venta.<\/p>\n<p style=\"text-align: justify;\"><img loading=\"lazy\" decoding=\"async\" class=\"alignleft size-medium wp-image-1232854\" src=\"https:\/\/www.acapulco.press\/wp-content\/uploads\/2021\/10\/fge-juan-carlos-375x375.jpeg\" alt=\"\" width=\"375\" height=\"375\" \/>Mediante operativo implementado por agentes ministeriales del Grupo Antisecuestro, se logr\u00f3 la captura de Evert \u00abN\u00bb en el momento que acudi\u00f3 a cobrar el dinero del rescate.<\/p>\n<p style=\"text-align: justify;\">En audiencia inicial, el Ministerio P\u00fablico aport\u00f3 los datos de prueba y obtuvo del Juez de Control y Enjuiciamiento penal la medida cautelar de prisi\u00f3n preventiva en contra del imputado, quedando interno en el Centro de Reinserci\u00f3n Social de Acapulco, en espera de la siguiente audiencia.<\/p>\n<p style=\"text-align: justify;\">En otro caso, la Fiscal\u00eda de Guerrero, a trav\u00e9s de la Polic\u00eda Investigadora de Acapulco, dio cumplimiento a la orden de reaprehensi\u00f3n en contra de Juan Carlos \u00abN\u00bb, detenido como probable responsable del delito de robo calificado en agravio de una instituci\u00f3n educativa, hechos en la causa penal 29-2\/2009, quedando a disposici\u00f3n del juez del Distrito Judicial de Tabares.<\/p>\n","protected":false},"excerpt":{"rendered":"<p>CHILPANCINGO. * 6 de octubre de 2021. ) https:\/\/fiscaliaguerrero.gob.mx. El Ministerio P\u00fablico en Acapulco obtuvo prisi\u00f3n preventiva en contra de Evert \u00abN\u00bb, detenido en flagrancia como probable responsable del delito de secuestro agravado de masculino, quedando interno en el Centro de Reinserci\u00f3n Social. De acuerdo a la carpeta judicial C-583\/2021 dos personas del sexo masculino&#8230;<\/p>\n","protected":false},"author":2,"featured_media":1232853,"comment_status":"closed","ping_status":"closed","sticky":false,"template":"","format":"standard","meta":{"footnotes":""},"categories":[1969,2005],"tags":[8703,10946,14737],"class_list":["post-1232852","post","type-post","status-publish","format-standard","has-post-thumbnail","hentry","category-trending","category-seguridad-y-justicia","tag-fiscalia-general-del-estado-de-guerrero-fge","tag-jorge-zuriel-de-los-santos-barrila","tag-policia-ministerial-de-guerrero"],"_links":{"self":[{"href":"https:\/\/www.acapulcopress.com\/index.php\/wp-json\/wp\/v2\/posts\/1232852","targetHints":{"allow":["GET"]}}],"collection":[{"href":"https:\/\/www.acapulcopress.com\/index.php\/wp-json\/wp\/v2\/posts"}],"about":[{"href":"https:\/\/www.acapulcopress.com\/index.php\/wp-json\/wp\/v2\/types\/post"}],"author":[{"embeddable":true,"href":"https:\/\/www.acapulcopress.com\/index.php\/wp-json\/wp\/v2\/users\/2"}],"replies":[{"embeddable":true,"href":"https:\/\/www.acapulcopress.com\/index.php\/wp-json\/wp\/v2\/comments?post=1232852"}],"version-history":[{"count":0,"href":"https:\/\/www.acapulcopress.com\/index.php\/wp-json\/wp\/v2\/posts\/1232852\/revisions"}],"wp:featuredmedia":[{"embeddable":true,"href":"https:\/\/www.acapulcopress.com\/index.php\/wp-json\/"}],"wp:attachment":[{"href":"https:\/\/www.acapulcopress.com\/index.php\/wp-json\/wp\/v2\/media?parent=1232852"}],"wp:term":[{"taxonomy":"category","embeddable":true,"href":"https:\/\/www.acapulcopress.com\/index.php\/wp-json\/wp\/v2\/categories?post=1232852"},{"taxonomy":"post_tag","embeddable":true,"href":"https:\/\/www.acapulcopress.com\/index.php\/wp-json\/wp\/v2\/tags?post=1232852"}],"curies":[{"name":"wp","href":"https:\/\/api.w.org\/{rel}","templated":true}]}}