{"id":1232872,"date":"2021-10-07T18:53:09","date_gmt":"2021-10-07T23:53:09","guid":{"rendered":"https:\/\/www.acapulco.press\/?p=1232872"},"modified":"2021-10-07T18:53:09","modified_gmt":"2021-10-07T23:53:09","slug":"exhorta-marcial-rodriguez-a-ediles-de-morena-a-mantener-cohesionada-la-4t","status":"publish","type":"post","link":"https:\/\/www.acapulcopress.com\/index.php\/2021\/10\/07\/exhorta-marcial-rodriguez-a-ediles-de-morena-a-mantener-cohesionada-la-4t\/","title":{"rendered":"Exhorta Marcial Rodr\u00edguez a ediles de Morena a mantener cohesionada la 4T"},"content":{"rendered":"<p>TIXTLA. * 7 de octubre de 2021.<br \/>\n<em>) Especial.<\/em><\/p>\n<p style=\"text-align: justify;\">El dirigente de Morena en Guerrero, Marcial Rodr\u00edguez Salda\u00f1a, se reuni\u00f3 con ediles morenistas en Tixtla, para exhortarlos a mantener cohesionado al partido en torno a la Cuarta Transformaci\u00f3n en Guerrero.<\/p>\n<p style=\"text-align: justify;\">Rodr\u00edguez Salda\u00f1a indic\u00f3 que tambi\u00e9n estar\u00e1 reuni\u00e9ndose con todos los representantes populares de Morena\u00a0 en Guerrero a fin de para afianzar la Cuarta Transformaci\u00f3n en el Estado.<\/p>\n","protected":false},"excerpt":{"rendered":"<p>TIXTLA. * 7 de octubre de 2021. ) Especial. El dirigente de Morena en Guerrero, Marcial Rodr\u00edguez Salda\u00f1a, se reuni\u00f3 con ediles morenistas en Tixtla, para exhortarlos a mantener cohesionado al partido en torno a la Cuarta Transformaci\u00f3n en Guerrero. Rodr\u00edguez Salda\u00f1a indic\u00f3 que tambi\u00e9n estar\u00e1 reuni\u00e9ndose con todos los representantes populares de Morena\u00a0 en&#8230;<\/p>\n","protected":false},"author":2,"featured_media":1232873,"comment_status":"closed","ping_status":"closed","sticky":false,"template":"","format":"standard","meta":{"footnotes":""},"categories":[18561,2009],"tags":[6809,12457,13297],"class_list":["post-1232872","post","type-post","status-publish","format-standard","has-post-thumbnail","hentry","category-society-politics","category-politics","tag-cuarta-transformacion","tag-marcial-rodriguez-saldana","tag-morena"],"_links":{"self":[{"href":"https:\/\/www.acapulcopress.com\/index.php\/wp-json\/wp\/v2\/posts\/1232872","targetHints":{"allow":["GET"]}}],"collection":[{"href":"https:\/\/www.acapulcopress.com\/index.php\/wp-json\/wp\/v2\/posts"}],"about":[{"href":"https:\/\/www.acapulcopress.com\/index.php\/wp-json\/wp\/v2\/types\/post"}],"author":[{"embeddable":true,"href":"https:\/\/www.acapulcopress.com\/index.php\/wp-json\/wp\/v2\/users\/2"}],"replies":[{"embeddable":true,"href":"https:\/\/www.acapulcopress.com\/index.php\/wp-json\/wp\/v2\/comments?post=1232872"}],"version-history":[{"count":0,"href":"https:\/\/www.acapulcopress.com\/index.php\/wp-json\/wp\/v2\/posts\/1232872\/revisions"}],"wp:featuredmedia":[{"embeddable":true,"href":"https:\/\/www.acapulcopress.com\/index.php\/wp-json\/"}],"wp:attachment":[{"href":"https:\/\/www.acapulcopress.com\/index.php\/wp-json\/wp\/v2\/media?parent=1232872"}],"wp:term":[{"taxonomy":"category","embeddable":true,"href":"https:\/\/www.acapulcopress.com\/index.php\/wp-json\/wp\/v2\/categories?post=1232872"},{"taxonomy":"post_tag","embeddable":true,"href":"https:\/\/www.acapulcopress.com\/index.php\/wp-json\/wp\/v2\/tags?post=1232872"}],"curies":[{"name":"wp","href":"https:\/\/api.w.org\/{rel}","templated":true}]}}