{"id":1232878,"date":"2021-10-07T19:21:36","date_gmt":"2021-10-08T00:21:36","guid":{"rendered":"https:\/\/www.acapulco.press\/?p=1232878"},"modified":"2021-10-07T19:21:36","modified_gmt":"2021-10-08T00:21:36","slug":"vinculan-a-proceso-a-individuos-acusado-de-doble-homicidio-calificado","status":"publish","type":"post","link":"https:\/\/www.acapulcopress.com\/index.php\/2021\/10\/07\/vinculan-a-proceso-a-individuos-acusado-de-doble-homicidio-calificado\/","title":{"rendered":"Vinculan a proceso a individuos acusado de doble homicidio calificado"},"content":{"rendered":"<p style=\"text-align: justify;\">CHILPANCINGO. * 7 de octubre de 2021.<br \/>\n<em>)<a href=\"https:\/\/fiscaliaguerrero.gob.mx\" target=\"_blank\" rel=\"noopener\"> https:\/\/fiscaliaguerrero.gob.mx<\/a>.<\/em><br \/>\nEl Ministerio P\u00fablico en la ciudad de Tlapa de Comonfort, obtuvo vinculaci\u00f3n a proceso en contra de Emiliano \u00abN\u00bb como probable responsable del delito de homicidio calificado en agravio de dos personas del sexo masculino.<\/p>\n<p style=\"text-align: justify;\">En la carpeta judicial C- 07\/2021 se le se\u00f1ala como quien acudi\u00f3 en compa\u00f1\u00edas de otras personas del sexo masculino al domicilio de la v\u00edctima, quien se encontraba con su familia y al verlo a la distancia dispararon las armas de fuego que portaban, lo que ocasion\u00f3 perdiera la vida.<\/p>\n<p style=\"text-align: justify;\">El imputado tambi\u00e9n se encuentra relacionado con hechos ee la carpeta judicial C-68\/2020 en agravio de Nicol\u00e1s \u00abN\u00bb por el delito de homicidio calificado.<\/p>\n<p style=\"text-align: justify;\">En audiencia inicial el Ministerio P\u00fablico aport\u00f3 los datos de prueba en contra de Emiliano \u00abN\u00bb, y el Juez de Control vincul\u00f3 a proceso por hechos en la primera carpeta judicial, otorgando tres meses de investigaci\u00f3n complementaria; as\u00ed tambi\u00e9n otorg\u00f3 cuatro meses de investigaci\u00f3n complementaria en la segunda carpeta judicial, ambos por el delito de homicidio calificado.<\/p>\n","protected":false},"excerpt":{"rendered":"<p>CHILPANCINGO. * 7 de octubre de 2021. ) https:\/\/fiscaliaguerrero.gob.mx. El Ministerio P\u00fablico en la ciudad de Tlapa de Comonfort, obtuvo vinculaci\u00f3n a proceso en contra de Emiliano \u00abN\u00bb como probable responsable del delito de homicidio calificado en agravio de dos personas del sexo masculino. En la carpeta judicial C- 07\/2021 se le se\u00f1ala como quien&#8230;<\/p>\n","protected":false},"author":2,"featured_media":1232879,"comment_status":"closed","ping_status":"closed","sticky":false,"template":"","format":"standard","meta":{"footnotes":""},"categories":[1969,2005],"tags":[8703,10946,14737],"class_list":["post-1232878","post","type-post","status-publish","format-standard","has-post-thumbnail","hentry","category-trending","category-seguridad-y-justicia","tag-fiscalia-general-del-estado-de-guerrero-fge","tag-jorge-zuriel-de-los-santos-barrila","tag-policia-ministerial-de-guerrero"],"_links":{"self":[{"href":"https:\/\/www.acapulcopress.com\/index.php\/wp-json\/wp\/v2\/posts\/1232878","targetHints":{"allow":["GET"]}}],"collection":[{"href":"https:\/\/www.acapulcopress.com\/index.php\/wp-json\/wp\/v2\/posts"}],"about":[{"href":"https:\/\/www.acapulcopress.com\/index.php\/wp-json\/wp\/v2\/types\/post"}],"author":[{"embeddable":true,"href":"https:\/\/www.acapulcopress.com\/index.php\/wp-json\/wp\/v2\/users\/2"}],"replies":[{"embeddable":true,"href":"https:\/\/www.acapulcopress.com\/index.php\/wp-json\/wp\/v2\/comments?post=1232878"}],"version-history":[{"count":0,"href":"https:\/\/www.acapulcopress.com\/index.php\/wp-json\/wp\/v2\/posts\/1232878\/revisions"}],"wp:featuredmedia":[{"embeddable":true,"href":"https:\/\/www.acapulcopress.com\/index.php\/wp-json\/"}],"wp:attachment":[{"href":"https:\/\/www.acapulcopress.com\/index.php\/wp-json\/wp\/v2\/media?parent=1232878"}],"wp:term":[{"taxonomy":"category","embeddable":true,"href":"https:\/\/www.acapulcopress.com\/index.php\/wp-json\/wp\/v2\/categories?post=1232878"},{"taxonomy":"post_tag","embeddable":true,"href":"https:\/\/www.acapulcopress.com\/index.php\/wp-json\/wp\/v2\/tags?post=1232878"}],"curies":[{"name":"wp","href":"https:\/\/api.w.org\/{rel}","templated":true}]}}