{"id":1232889,"date":"2021-10-07T19:39:35","date_gmt":"2021-10-08T00:39:35","guid":{"rendered":"https:\/\/www.acapulco.press\/?p=1232889"},"modified":"2021-10-07T19:39:35","modified_gmt":"2021-10-08T00:39:35","slug":"armada-de-mexico-rescato-menor-que-cayo-de-moto-acuatica-en-zona-rocosa","status":"publish","type":"post","link":"https:\/\/www.acapulcopress.com\/index.php\/2021\/10\/07\/armada-de-mexico-rescato-menor-que-cayo-de-moto-acuatica-en-zona-rocosa\/","title":{"rendered":"Armada de M\u00e9xico rescat\u00f3 menor que cay\u00f3 de moto acu\u00e1tica en zona rocosa"},"content":{"rendered":"<p style=\"text-align: justify;\">ACAPULCO. * 7 de octubre de 2021.<br \/>\n<em>) Comunicado.<\/em><br \/>\n<img loading=\"lazy\" decoding=\"async\" class=\"alignleft size-medium wp-image-1232884\" src=\"https:\/\/www.acapulco.press\/wp-content\/uploads\/2021\/10\/Semar4-375x250.jpeg\" alt=\"\" width=\"375\" height=\"250\" \/>La Secretar\u00eda de Marina-Armada de M\u00e9xico como Autoridad Mar\u00edtima Nacional, en funciones de Guardia Costera, informa a trav\u00e9s de la Octava Regi\u00f3n Naval que ayer personal de la Estaci\u00f3n Naval de B\u00fasqueda, Rescate y Vigilancia Mar\u00edtima (Ensar) de Acapulco , adscrito a este Mando, rescat\u00f3 a un menor de edad quien cay\u00f3 de una moto acu\u00e1tica en la zona rocosa, en el interior de la Bah\u00eda de Acapulco.<\/p>\n<p style=\"text-align: justify;\">Las acciones de rescate se efectuaron tras recibir una llamada de emergencia de las autoridades de Protecci\u00f3n Civil del puerto reportando el suceso. Por lo anterior, se orden\u00f3 el zarpe inmediato de una embarcaci\u00f3n tipo Defender con personal naval abordo.<\/p>\n<p style=\"text-align: justify;\"><img loading=\"lazy\" decoding=\"async\" class=\"alignleft size-medium wp-image-1232882\" src=\"https:\/\/www.acapulco.press\/wp-content\/uploads\/2021\/10\/Semar2-375x250.jpeg\" alt=\"\" width=\"375\" height=\"250\" \/>Posteriormente, el equipo perteneciente al Ensar localiz\u00f3 y rescat\u00f3 a un menor de edad de sexo masculino, con heridas superficiales en el cuerpo, en el interior de la Bah\u00eda de Acapulco.<\/p>\n<p style=\"text-align: justify;\">Citado personal traslad\u00f3 al joven al muelle de la Octava Regi\u00f3n Naval, donde lo esperaba una ambulancia con elementos de sanidad naval; asimismo fue trasladado a las instalaciones del Hospital Naval de Acapulco para darle la atenci\u00f3n m\u00e9dica pertinente y entregarlo a sus familiares.<\/p>\n<p style=\"text-align: justify;\">Es importante destacar que la Ensar proporciona servicio de b\u00fasqueda y rescate durante las 24 horas del d\u00eda, todo el a\u00f1o; con profesionales cuya funci\u00f3n se centra en la recepci\u00f3n y respuesta inmediata a toda llamada de emergencia en el mar, con el objetivo de salvaguardar la vida humana.<\/p>\n<p style=\"text-align: justify;\">En relaci\u00f3n a lo anterior y para casos de emergencias en el mar, la Octava Regi\u00f3n Naval pone a disposici\u00f3n de la ciudadan\u00eda los tel\u00e9fonos: 744 323 33 21 y 744 40 661 67. Asimismo, la Secretar\u00eda de Marina comparte los siguientes n\u00fameros de contacto: 800 (627 4621), 800 MARINA1<\/p>\n<p style=\"text-align: justify;\"><strong>Sistema de B\u00fasqueda y Rescate<\/strong><br \/>\n\u00a1Todo por la vida!<br \/>\nooOoo<\/p>\n","protected":false},"excerpt":{"rendered":"<p>ACAPULCO. * 7 de octubre de 2021. ) Comunicado. La Secretar\u00eda de Marina-Armada de M\u00e9xico como Autoridad Mar\u00edtima Nacional, en funciones de Guardia Costera, informa a trav\u00e9s de la Octava Regi\u00f3n Naval que ayer personal de la Estaci\u00f3n Naval de B\u00fasqueda, Rescate y Vigilancia Mar\u00edtima (Ensar) de Acapulco , adscrito a este Mando, rescat\u00f3 a&#8230;<\/p>\n","protected":false},"author":2,"featured_media":1232881,"comment_status":"closed","ping_status":"closed","sticky":false,"template":"","format":"standard","meta":{"footnotes":""},"categories":[1969,1972,2005],"tags":[4128,8135,9531,13858,16222],"class_list":["post-1232889","post","type-post","status-publish","format-standard","has-post-thumbnail","hentry","category-trending","category-special","category-seguridad-y-justicia","tag-armada-de-mexico","tag-estacion-naval-de-busqueda-rescate-y-vigilancia-maritima-ensar","tag-guardia-costera","tag-octava-region-naval","tag-secretaria-de-marina-semar"],"_links":{"self":[{"href":"https:\/\/www.acapulcopress.com\/index.php\/wp-json\/wp\/v2\/posts\/1232889","targetHints":{"allow":["GET"]}}],"collection":[{"href":"https:\/\/www.acapulcopress.com\/index.php\/wp-json\/wp\/v2\/posts"}],"about":[{"href":"https:\/\/www.acapulcopress.com\/index.php\/wp-json\/wp\/v2\/types\/post"}],"author":[{"embeddable":true,"href":"https:\/\/www.acapulcopress.com\/index.php\/wp-json\/wp\/v2\/users\/2"}],"replies":[{"embeddable":true,"href":"https:\/\/www.acapulcopress.com\/index.php\/wp-json\/wp\/v2\/comments?post=1232889"}],"version-history":[{"count":0,"href":"https:\/\/www.acapulcopress.com\/index.php\/wp-json\/wp\/v2\/posts\/1232889\/revisions"}],"wp:featuredmedia":[{"embeddable":true,"href":"https:\/\/www.acapulcopress.com\/index.php\/wp-json\/"}],"wp:attachment":[{"href":"https:\/\/www.acapulcopress.com\/index.php\/wp-json\/wp\/v2\/media?parent=1232889"}],"wp:term":[{"taxonomy":"category","embeddable":true,"href":"https:\/\/www.acapulcopress.com\/index.php\/wp-json\/wp\/v2\/categories?post=1232889"},{"taxonomy":"post_tag","embeddable":true,"href":"https:\/\/www.acapulcopress.com\/index.php\/wp-json\/wp\/v2\/tags?post=1232889"}],"curies":[{"name":"wp","href":"https:\/\/api.w.org\/{rel}","templated":true}]}}