{"id":1232894,"date":"2021-10-07T19:54:16","date_gmt":"2021-10-08T00:54:16","guid":{"rendered":"https:\/\/www.acapulco.press\/?p=1232894"},"modified":"2021-10-07T19:54:16","modified_gmt":"2021-10-08T00:54:16","slug":"se-reune-gilberto-solano-con-danzoneros-de-tlapa","status":"publish","type":"post","link":"https:\/\/www.acapulcopress.com\/index.php\/2021\/10\/07\/se-reune-gilberto-solano-con-danzoneros-de-tlapa\/","title":{"rendered":"Se re\u00fane Gilberto Solano con danzoneros de Tlapa"},"content":{"rendered":"<p style=\"text-align: justify;\"><img loading=\"lazy\" decoding=\"async\" class=\"alignnone wp-image-1232896 size-large\" src=\"https:\/\/www.acapulco.press\/wp-content\/uploads\/2021\/10\/SolanoTlapa2-840x560.jpeg\" alt=\"\" width=\"840\" height=\"560\" \/><\/p>\n<p>TLAPA DE COMONFORT. * 7 de octubre de 2021.<br \/>\n) Gobierno de Tlapa.<br \/>\nEl presidente municipal de Tlapa, Gilberto Solano Arreaga se reuni\u00f3 esta tarde con los tradicionales danzoneros de la ciudad, quienes le expusieron su inquietud al no saber si se les continuar\u00eda prestando la plancha de z\u00f3calo central para el desarrollo de <img loading=\"lazy\" decoding=\"async\" class=\"alignleft size-medium wp-image-1232898\" src=\"https:\/\/www.acapulco.press\/wp-content\/uploads\/2021\/10\/SolanoTlapa4-375x250.jpeg\" alt=\"\" width=\"375\" height=\"250\" \/>sus actividades art\u00edsticas.<\/p>\n<p style=\"text-align: justify;\">En su mensaje, el primer edil les comunic\u00f3 que este espacio podr\u00e1 seguir siendo utilizado para \u00e9sta y otras actividades que tengan, adem\u00e1s se comprometi\u00f3 a dotarles de vestuarios para sus presentaciones en eventos culturales.<\/p>\n<p style=\"text-align: justify;\">Solano Arreaga les inform\u00f3 que para la remodelaci\u00f3n del primer cuadro de la ciudad, se construir\u00e1 un espacio destinado para que puedan realizar todas sus actividades y as\u00ed no tengan que estar solicitando espacios en pr\u00f3ximas administraciones.<\/p>\n<p style=\"text-align: justify;\">En la reuni\u00f3n, el presidente municipal expres\u00f3 el respeto que tiene por las personas dedicadas a actividades culturales, pues con ellas ponen en alto el nombre de Tlapa.<\/p>\n","protected":false},"excerpt":{"rendered":"<p>TLAPA DE COMONFORT. * 7 de octubre de 2021. ) Gobierno de Tlapa. El presidente municipal de Tlapa, Gilberto Solano Arreaga se reuni\u00f3 esta tarde con los tradicionales danzoneros de la ciudad, quienes le expusieron su inquietud al no saber si se les continuar\u00eda prestando la plancha de z\u00f3calo central para el desarrollo de sus&#8230;<\/p>\n","protected":false},"author":2,"featured_media":1232897,"comment_status":"closed","ping_status":"closed","sticky":false,"template":"","format":"standard","meta":{"footnotes":""},"categories":[1972,18589,18561],"tags":[4495,6949,9199,9321],"class_list":["post-1232894","post","type-post","status-publish","format-standard","has-post-thumbnail","hentry","category-special","category-gobierno-de-tlapa","category-society-politics","tag-ayuntamiento-de-tlapa","tag-danzoneros-de-tlapa","tag-gilberto-solano-arreaga","tag-gobierno-de-tlapa"],"_links":{"self":[{"href":"https:\/\/www.acapulcopress.com\/index.php\/wp-json\/wp\/v2\/posts\/1232894","targetHints":{"allow":["GET"]}}],"collection":[{"href":"https:\/\/www.acapulcopress.com\/index.php\/wp-json\/wp\/v2\/posts"}],"about":[{"href":"https:\/\/www.acapulcopress.com\/index.php\/wp-json\/wp\/v2\/types\/post"}],"author":[{"embeddable":true,"href":"https:\/\/www.acapulcopress.com\/index.php\/wp-json\/wp\/v2\/users\/2"}],"replies":[{"embeddable":true,"href":"https:\/\/www.acapulcopress.com\/index.php\/wp-json\/wp\/v2\/comments?post=1232894"}],"version-history":[{"count":0,"href":"https:\/\/www.acapulcopress.com\/index.php\/wp-json\/wp\/v2\/posts\/1232894\/revisions"}],"wp:featuredmedia":[{"embeddable":true,"href":"https:\/\/www.acapulcopress.com\/index.php\/wp-json\/"}],"wp:attachment":[{"href":"https:\/\/www.acapulcopress.com\/index.php\/wp-json\/wp\/v2\/media?parent=1232894"}],"wp:term":[{"taxonomy":"category","embeddable":true,"href":"https:\/\/www.acapulcopress.com\/index.php\/wp-json\/wp\/v2\/categories?post=1232894"},{"taxonomy":"post_tag","embeddable":true,"href":"https:\/\/www.acapulcopress.com\/index.php\/wp-json\/wp\/v2\/tags?post=1232894"}],"curies":[{"name":"wp","href":"https:\/\/api.w.org\/{rel}","templated":true}]}}