{"id":1232904,"date":"2021-10-07T20:09:08","date_gmt":"2021-10-08T01:09:08","guid":{"rendered":"https:\/\/www.acapulco.press\/?p=1232904"},"modified":"2021-10-07T20:09:08","modified_gmt":"2021-10-08T01:09:08","slug":"preside-solano-organizacion-de-foros-ciudadanos-por-la-grandeza-de-tlapa","status":"publish","type":"post","link":"https:\/\/www.acapulcopress.com\/index.php\/2021\/10\/07\/preside-solano-organizacion-de-foros-ciudadanos-por-la-grandeza-de-tlapa\/","title":{"rendered":"Preside Solano organizaci\u00f3n de foros ciudadanos \u201cPor la Grandeza de Tlapa\u201d"},"content":{"rendered":"<p style=\"text-align: justify;\"><img loading=\"lazy\" decoding=\"async\" class=\"alignnone wp-image-1232906 size-large\" src=\"https:\/\/www.acapulco.press\/wp-content\/uploads\/2021\/10\/Plan-Municipal2-840x629.jpeg\" alt=\"\" width=\"840\" height=\"629\" \/><\/p>\n<p style=\"text-align: justify;\">TLAPA DE COMONFORT. * 7 de octubre de 2021.<br \/>\n<em>) Gobierno de Tlapa.<\/em><br \/>\nEl presidente municipal de Tlapa de Comonfort, Gilberto Solano Arreaga y el Cabildo Plural, presidieron este jueves la primera <img loading=\"lazy\" decoding=\"async\" class=\"alignleft size-medium wp-image-1232909\" src=\"https:\/\/www.acapulco.press\/wp-content\/uploads\/2021\/10\/Plan-Municipal5-375x250.jpeg\" alt=\"\" width=\"375\" height=\"250\" \/>reuni\u00f3n de organizaci\u00f3n para los foros ciudadanos \u201cPor la Grandeza de Tlapa\u201d, en los que se priorizar\u00e1 la detonaci\u00f3n de la econom\u00eda y la urbanizaci\u00f3n del municipio.<\/p>\n<p style=\"text-align: justify;\">En su mensaje, Solano Arreaga coment\u00f3 que, \u00e9ste ser\u00e1 un ejercicio democr\u00e1tico en el que se fortalecer\u00e1n los mecanismos de participaci\u00f3n ciudadana para la construcci\u00f3n del Plan Municipal de Desarrollo.<\/p>\n<p style=\"text-align: justify;\">El primer edil, explic\u00f3 que con estos foros se pretende detonar el turismo, la econom\u00eda y sobre todo la urbanizaci\u00f3n de Tlapa, as\u00ed como engrandecer las fiestas y tradiciones del municipio.<\/p>\n<p style=\"text-align: justify;\"><img loading=\"lazy\" decoding=\"async\" class=\"alignleft size-medium wp-image-1232908\" src=\"https:\/\/www.acapulco.press\/wp-content\/uploads\/2021\/10\/Plan-Municipal4-375x281.jpeg\" alt=\"\" width=\"375\" height=\"281\" \/>Los foros tendr\u00e1n una duraci\u00f3n de una semana, iniciado el 11 y culminando el 17 de octubre, en ellos se expondr\u00e1n soluciones a temas de suma importancia para la ciudadan\u00eda.<\/p>\n<p style=\"text-align: justify;\">La convocatoria es abierta, podr\u00e1n participar asociaciones civiles, profesionistas, acad\u00e9micos, intelectuales, asociaciones religiosas, colegios, instituciones educativas y culturales, organizaciones sociales, comerciantes, empresarios, artesanos, agricultores, ganaderos, transportistas, deportistas, servidores p\u00fablicos, estudiantes, amas de casa, j\u00f3venes, sindicatos y ciudadan\u00eda en general.<\/p>\n<p style=\"text-align: justify;\">La din\u00e1mica consistir\u00e1 en realizar foros tem\u00e1ticos, donde los participantes plantear\u00e1n, expondr\u00e1n y debatir\u00e1n propuestas, ideas, proyectos y soluciones, con el objetivo de nutrir y complementar el desarrollo de los mismos, conforme a los temas seleccionados en el d\u00eda y hora indicada, previa convocatoria.<\/p>\n<p style=\"text-align: justify;\"><img loading=\"lazy\" decoding=\"async\" class=\"alignnone wp-image-1232905 size-large\" src=\"https:\/\/www.acapulco.press\/wp-content\/uploads\/2021\/10\/Plan-Municipal-840x629.jpeg\" alt=\"\" width=\"840\" height=\"629\" \/><\/p>\n","protected":false},"excerpt":{"rendered":"<p>TLAPA DE COMONFORT. * 7 de octubre de 2021. ) Gobierno de Tlapa. El presidente municipal de Tlapa de Comonfort, Gilberto Solano Arreaga y el Cabildo Plural, presidieron este jueves la primera reuni\u00f3n de organizaci\u00f3n para los foros ciudadanos \u201cPor la Grandeza de Tlapa\u201d, en los que se priorizar\u00e1 la detonaci\u00f3n de la econom\u00eda y&#8230;<\/p>\n","protected":false},"author":2,"featured_media":1232910,"comment_status":"closed","ping_status":"closed","sticky":false,"template":"","format":"standard","meta":{"footnotes":""},"categories":[18589,18561],"tags":[4495,9199,9321],"class_list":["post-1232904","post","type-post","status-publish","format-standard","has-post-thumbnail","hentry","category-gobierno-de-tlapa","category-society-politics","tag-ayuntamiento-de-tlapa","tag-gilberto-solano-arreaga","tag-gobierno-de-tlapa"],"_links":{"self":[{"href":"https:\/\/www.acapulcopress.com\/index.php\/wp-json\/wp\/v2\/posts\/1232904","targetHints":{"allow":["GET"]}}],"collection":[{"href":"https:\/\/www.acapulcopress.com\/index.php\/wp-json\/wp\/v2\/posts"}],"about":[{"href":"https:\/\/www.acapulcopress.com\/index.php\/wp-json\/wp\/v2\/types\/post"}],"author":[{"embeddable":true,"href":"https:\/\/www.acapulcopress.com\/index.php\/wp-json\/wp\/v2\/users\/2"}],"replies":[{"embeddable":true,"href":"https:\/\/www.acapulcopress.com\/index.php\/wp-json\/wp\/v2\/comments?post=1232904"}],"version-history":[{"count":0,"href":"https:\/\/www.acapulcopress.com\/index.php\/wp-json\/wp\/v2\/posts\/1232904\/revisions"}],"wp:featuredmedia":[{"embeddable":true,"href":"https:\/\/www.acapulcopress.com\/index.php\/wp-json\/"}],"wp:attachment":[{"href":"https:\/\/www.acapulcopress.com\/index.php\/wp-json\/wp\/v2\/media?parent=1232904"}],"wp:term":[{"taxonomy":"category","embeddable":true,"href":"https:\/\/www.acapulcopress.com\/index.php\/wp-json\/wp\/v2\/categories?post=1232904"},{"taxonomy":"post_tag","embeddable":true,"href":"https:\/\/www.acapulcopress.com\/index.php\/wp-json\/wp\/v2\/tags?post=1232904"}],"curies":[{"name":"wp","href":"https:\/\/api.w.org\/{rel}","templated":true}]}}