{"id":1232941,"date":"2021-10-08T17:59:08","date_gmt":"2021-10-08T22:59:08","guid":{"rendered":"https:\/\/www.acapulco.press\/?p=1232941"},"modified":"2021-10-08T17:59:08","modified_gmt":"2021-10-08T22:59:08","slug":"entregara-astudillo-av-farallon-en-tiempo-y-forma-informa-cicaeg","status":"publish","type":"post","link":"https:\/\/www.acapulcopress.com\/index.php\/2021\/10\/08\/entregara-astudillo-av-farallon-en-tiempo-y-forma-informa-cicaeg\/","title":{"rendered":"Entregar\u00e1 Astudillo Av. Farall\u00f3n en tiempo y forma | CICAEG"},"content":{"rendered":"<p style=\"text-align: justify;\">\u00bb <strong>\u00c1ngel Blanco<\/strong> \/<strong> Guillermo Villanueva<\/strong>.<br \/>\nACAPULCO * 8 de octubre de 2021.<br \/>\n<em>) Acapulco Press | Regiones.\u00a0<\/em><br \/>\nLa avenida Farall\u00f3n ser\u00e1 una magna obra de calidad y atractivo tur\u00edstico para Acapulco y ser\u00e1 entregada por el gobernador H\u00e9ctor <img loading=\"lazy\" decoding=\"async\" class=\"alignleft size-medium wp-image-1232943\" src=\"https:\/\/www.acapulco.press\/wp-content\/uploads\/2021\/10\/AV-FARALLON-375x281.jpeg\" alt=\"\" width=\"375\" height=\"281\" \/>Astudillo Flores en tiempo y forma el d\u00eda 14 de octubre, cuando la inaugure junto con la gobernadora electa, Evelyn Salgado Pineda.<\/p>\n<p style=\"text-align: justify;\">Entrevistado justo en la supervisi\u00f3n de los trabajos de los \u00faltimos 60 metros lineales de la avenida, Javier Taja Ram\u00edrez, director general de la Comisi\u00f3n de Infraestructura, Carretera y Aeroportuaria del Estado de Guerrero (CICAEG), manifest\u00f3 que la obra de remozamiento y reconstrucci\u00f3n de la citada calle est\u00e1 concluida al 95 por ciento, en sus 2 kil\u00f3metros que la comprenden, desde su inicio en la costera Miguel Alem\u00e1n hasta el acceso al Maxit\u00fanel.<\/p>\n<p style=\"text-align: justify;\">Y contrario a lo que se ha ventilado en algunos medios, Taja Ram\u00edrez precis\u00f3 que se han plantado palmeras y otras especies de <img loading=\"lazy\" decoding=\"async\" class=\"alignleft size-medium wp-image-1232945\" src=\"https:\/\/www.acapulco.press\/wp-content\/uploads\/2021\/10\/AV-FARALLON3-375x281.jpeg\" alt=\"\" width=\"375\" height=\"281\" \/>ornato para que dicha avenida luzca moderna y con diversas \u00e1reas verdes que servir\u00e1n de atractivo tur\u00edstico para propios y visitantes.<\/p>\n<p style=\"text-align: justify;\">As\u00ed mismo, todo el cableado de luz, internet y telefon\u00eda se ha direccionado de manera subterr\u00e1nea para evitar la mala imagen que daba el cableado de <em>Telmex, Izzi<\/em> y<em> CFE<\/em> que databa de hace m\u00e1s de 50 a\u00f1os; de igual forma, se renov\u00f3 la red de drenaje\u00a0 agua potable.<\/p>\n<p style=\"text-align: justify;\">En suma, \u00abser\u00e1 una avenida moderna y hermosa\u00bb de concreto hidr\u00e1ulico que se concluye al 100 por ciento el s\u00e1bado 9 de octubre, concluy\u00f3 el director de CICAEG, quien adelant\u00f3 que la moderna Avenida Farall\u00f3n ser\u00e1 inaugurada en tiempo y forma por el gobernador Astudillo y la gobernadora electa, Evelyn Salgado, el pr\u00f3ximo jueves 14 de octubre, un d\u00eda antes de la toma de protesta de la nueva gobernadora del Estado.<\/p>\n<div style=\"width: 854px;\" class=\"wp-video\"><video class=\"wp-video-shortcode\" id=\"video-1232941-1\" width=\"854\" height=\"480\" preload=\"metadata\" controls=\"controls\"><source type=\"video\/mp4\" src=\"https:\/\/www.acapulco.press\/wp-content\/uploads\/2021\/10\/JAVIER-TAJA-AV-FARALLON.mp4?_=1\" \/><a href=\"https:\/\/www.acapulco.press\/wp-content\/uploads\/2021\/10\/JAVIER-TAJA-AV-FARALLON.mp4\">https:\/\/www.acapulco.press\/wp-content\/uploads\/2021\/10\/JAVIER-TAJA-AV-FARALLON.mp4<\/a><\/video><\/div>\n<p style=\"text-align: justify;\"><strong>www.acapulco.press\u00a0\u00a0<\/strong><\/p>\n","protected":false},"excerpt":{"rendered":"<p>\u00bb \u00c1ngel Blanco \/ Guillermo Villanueva. ACAPULCO * 8 de octubre de 2021. ) Acapulco Press | Regiones.\u00a0 La avenida Farall\u00f3n ser\u00e1 una magna obra de calidad y atractivo tur\u00edstico para Acapulco y ser\u00e1 entregada por el gobernador H\u00e9ctor Astudillo Flores en tiempo y forma el d\u00eda 14 de octubre, cuando la inaugure junto con&#8230;<\/p>\n","protected":false},"author":2,"featured_media":1232946,"comment_status":"closed","ping_status":"closed","sticky":false,"template":"","format":"standard","meta":{"footnotes":""},"categories":[1972,1983,18561],"tags":[4444,6104,10648],"class_list":["post-1232941","post","type-post","status-publish","format-standard","has-post-thumbnail","hentry","category-special","category-guerrerogob","category-society-politics","tag-av-farallon-acapulco","tag-comision-de-infraestructura-carretera-y-aeroportuaria-del-estado-de-guerrero-cicaeg","tag-javier-taja-ramirez"],"_links":{"self":[{"href":"https:\/\/www.acapulcopress.com\/index.php\/wp-json\/wp\/v2\/posts\/1232941","targetHints":{"allow":["GET"]}}],"collection":[{"href":"https:\/\/www.acapulcopress.com\/index.php\/wp-json\/wp\/v2\/posts"}],"about":[{"href":"https:\/\/www.acapulcopress.com\/index.php\/wp-json\/wp\/v2\/types\/post"}],"author":[{"embeddable":true,"href":"https:\/\/www.acapulcopress.com\/index.php\/wp-json\/wp\/v2\/users\/2"}],"replies":[{"embeddable":true,"href":"https:\/\/www.acapulcopress.com\/index.php\/wp-json\/wp\/v2\/comments?post=1232941"}],"version-history":[{"count":0,"href":"https:\/\/www.acapulcopress.com\/index.php\/wp-json\/wp\/v2\/posts\/1232941\/revisions"}],"wp:featuredmedia":[{"embeddable":true,"href":"https:\/\/www.acapulcopress.com\/index.php\/wp-json\/"}],"wp:attachment":[{"href":"https:\/\/www.acapulcopress.com\/index.php\/wp-json\/wp\/v2\/media?parent=1232941"}],"wp:term":[{"taxonomy":"category","embeddable":true,"href":"https:\/\/www.acapulcopress.com\/index.php\/wp-json\/wp\/v2\/categories?post=1232941"},{"taxonomy":"post_tag","embeddable":true,"href":"https:\/\/www.acapulcopress.com\/index.php\/wp-json\/wp\/v2\/tags?post=1232941"}],"curies":[{"name":"wp","href":"https:\/\/api.w.org\/{rel}","templated":true}]}}