{"id":1232980,"date":"2021-10-08T22:10:45","date_gmt":"2021-10-09T03:10:45","guid":{"rendered":"https:\/\/www.acapulco.press\/?p=1232980"},"modified":"2021-10-08T22:10:45","modified_gmt":"2021-10-09T03:10:45","slug":"reina-letizia-inaugura-una-de-las-mayores-muestras-de-goya-en-el-exterior","status":"publish","type":"post","link":"https:\/\/www.acapulcopress.com\/index.php\/2021\/10\/08\/reina-letizia-inaugura-una-de-las-mayores-muestras-de-goya-en-el-exterior\/","title":{"rendered":"Reina Letizia inaugura una de las mayores muestras de Goya en el exterior"},"content":{"rendered":"<p style=\"text-align: justify;\">BASILEA, Suiza. * 8 de octubre de 2021.<br \/>\n) Efe.<\/p>\n<p style=\"text-align: justify;\">La reina Letizia y el ministro espa\u00f1ol de Cultura, Miquel Iceta, inauguraron hoy en la Fundaci\u00f3n Beyeler de Basilea (Suiza) una de las exposiciones panor\u00e1micas m\u00e1s completas de Francisco de Goya (1746-1828), con emblem\u00e1ticas obras del pintor aragon\u00e9s procedentes de casi 50 museos y colecciones privadas.<\/p>\n<p style=\"text-align: justify;\">Ataviada con un conjunto verde oliva, la reina de Espa\u00f1a pos\u00f3 junto a algunas de las obras m\u00e1s importantes de la muestra, como uno de los autorretratos de Goya del Museo del Prado, un retrato de la Duquesa de Alba normalmente guardado en el Palacio de Liria o una Anunciaci\u00f3n que forma parte de la Colecci\u00f3n Duquesa de Osuna.<\/p>\n<p style=\"text-align: justify;\">TESOROS DEL PRADO Y OTROS 20 MUSEOS MUNDIALES<\/p>\n<p style=\"text-align: justify;\">La exposici\u00f3n, con 170 obras procedentes tambi\u00e9n de museos como el Metropolitan neoyorquino, el Louvre de Par\u00eds o la Galer\u00eda Uffizi de Florencia, estar\u00e1 abierta al p\u00fablico hasta el 23 de enero, y con motivo de ella, grandes carteles que reproducen \u00abLa Maja vestida\u00bb, una de las estrellas de la muestra, adornan diversas calles de Basilea.<\/p>\n<p style=\"text-align: justify;\">El director del Museo del Prado, Miguel Falomir, y su hom\u00f3logo de la Fundaci\u00f3n Beyeler, Sam Keller, tambi\u00e9n estuvieron presentes en la inauguraci\u00f3n hoy de la muestra, una de las m\u00e1s completas que se dedica al pintor aragon\u00e9s en el extranjero, comparable a las que acogieron Berl\u00edn y Viena hace 15 a\u00f1os o Boston (EE.UU.) hace un lustro.<\/p>\n<p style=\"text-align: justify;\">La colecci\u00f3n coincide con el 275 aniversario del nacimiento del artista zaragozano, pero tambi\u00e9n con el centenario del creador de la fundaci\u00f3n, Ernst Beyeler (1921-2010), quien junto a su esposa Hilda Kunz amas\u00f3 una de las mejores colecciones de arte de Suiza y construy\u00f3 un museo en 1997 para mostrarla, obra del arquitecto Renzo Piano.<\/p>\n<p style=\"text-align: justify;\">La colecci\u00f3n Beyeler, con obras de Pablo Picasso, Monet, Cezanne o Van Gogh, tiene un especial v\u00ednculo con Espa\u00f1a, porque se mostr\u00f3 p\u00fablicamente por primera vez en su integridad en el Centro de Arte Reina Sof\u00eda de Madrid, en el a\u00f1o 1989.<\/p>\n<p style=\"text-align: justify;\">La muestra de Basilea presenta a Goya como un artista con personalidad \u00fanica y en algunos puntos controvertida, fruto de su condici\u00f3n como uno de los \u00faltimos grandes pintores de Corte que sin embargo no le alej\u00f3 de temas populares e incluso dif\u00edciles de tratar en la \u00e9poca, como la locura, la violencia o la miseria.<\/p>\n<p style=\"text-align: justify;\">El curador de la exposici\u00f3n, Martin Schwander, subray\u00f3 que Goya \u00abno s\u00f3lo fue un retratista de burgueses, arist\u00f3cratas y reyes, sino tambi\u00e9n de locos, prisioneros, personas sin nombre y n\u00e1ufragos\u00bb.<\/p>\n<p style=\"text-align: justify;\">UN GOYA \u00abAMORAL\u00bb Y CONTRADICTORIO<\/p>\n<p style=\"text-align: justify;\">Para el experto en arte, Goya \u00abintent\u00f3 salir de la moral de la \u00e9poca, de un arte neocl\u00e1sico que domesticaba muchos temas\u00bb para convertirse en un precursor del romanticismo y de las escuelas art\u00edsticas que ir\u00edan surgiendo en los siglos XIX y XX.<\/p>\n<p style=\"text-align: justify;\">Otro aspecto contradictorio del artista que se intenta analizar en la exposici\u00f3n es su relaci\u00f3n con la raz\u00f3n: por una parte se adscribi\u00f3 al movimiento ilustrado y rechaz\u00f3 con sus grabados y dibujos casi caricaturescos la superstici\u00f3n, como puede verse en muchos de sus \u00abCaprichos\u00bb presentes en la muestra.<\/p>\n<p style=\"text-align: justify;\">Sin embargo, tras ser testigo de una de las \u00e9pocas m\u00e1s convulsas de la Espa\u00f1a contempor\u00e1nea, marcada por la invasi\u00f3n napole\u00f3nica, tambi\u00e9n desde\u00f1\u00f3 a veces de la excesiva racionalidad, como muestra una de sus obras m\u00e1s famosas, tambi\u00e9n presente en la panor\u00e1mica: el aguafuerte \u00abEl sue\u00f1o de la raz\u00f3n produce monstruos\u00bb.<\/p>\n<p style=\"text-align: justify;\">La muestra permite admirar en formato cronol\u00f3gico algunos de los m\u00e1s famosos cuadros, dibujos y grabados del artista, empezando con \u00abEl pelele\u00bb, uno de los cartones para tapices con los que empez\u00f3 a darse a conocer en Madrid, y terminando por uno de los \u00faltimos retratos conocidos que hizo, a su nieto Mariano.<\/p>\n<p style=\"text-align: justify;\">La Fundaci\u00f3n Beyeler espera con esta exposici\u00f3n dar m\u00e1s a conocer a Goya no s\u00f3lo en Suiza, un pa\u00eds que cuenta con importantes coleccionistas privados, sino tambi\u00e9n en las vecinas Alemania y Francia, dado que Basilea se encuentra a pocos kil\u00f3metros de la frontera con ambos pa\u00edses.<\/p>\n","protected":false},"excerpt":{"rendered":"<p>BASILEA, Suiza. * 8 de octubre de 2021. ) Efe. La reina Letizia y el ministro espa\u00f1ol de Cultura, Miquel Iceta, inauguraron hoy en la Fundaci\u00f3n Beyeler de Basilea (Suiza) una de las exposiciones panor\u00e1micas m\u00e1s completas de Francisco de Goya (1746-1828), con emblem\u00e1ticas obras del pintor aragon\u00e9s procedentes de casi 50 museos y colecciones&#8230;<\/p>\n","protected":false},"author":2,"featured_media":1232981,"comment_status":"closed","ping_status":"closed","sticky":false,"template":"","format":"standard","meta":{"footnotes":""},"categories":[2025,1988],"tags":[8862,9006,15446],"class_list":["post-1232980","post","type-post","status-publish","format-standard","has-post-thumbnail","hentry","category-arte-y-literatura","category-lifestyles","tag-francisco-de-goya","tag-fundacion-beyeler","tag-reina-letizia"],"_links":{"self":[{"href":"https:\/\/www.acapulcopress.com\/index.php\/wp-json\/wp\/v2\/posts\/1232980","targetHints":{"allow":["GET"]}}],"collection":[{"href":"https:\/\/www.acapulcopress.com\/index.php\/wp-json\/wp\/v2\/posts"}],"about":[{"href":"https:\/\/www.acapulcopress.com\/index.php\/wp-json\/wp\/v2\/types\/post"}],"author":[{"embeddable":true,"href":"https:\/\/www.acapulcopress.com\/index.php\/wp-json\/wp\/v2\/users\/2"}],"replies":[{"embeddable":true,"href":"https:\/\/www.acapulcopress.com\/index.php\/wp-json\/wp\/v2\/comments?post=1232980"}],"version-history":[{"count":0,"href":"https:\/\/www.acapulcopress.com\/index.php\/wp-json\/wp\/v2\/posts\/1232980\/revisions"}],"wp:featuredmedia":[{"embeddable":true,"href":"https:\/\/www.acapulcopress.com\/index.php\/wp-json\/"}],"wp:attachment":[{"href":"https:\/\/www.acapulcopress.com\/index.php\/wp-json\/wp\/v2\/media?parent=1232980"}],"wp:term":[{"taxonomy":"category","embeddable":true,"href":"https:\/\/www.acapulcopress.com\/index.php\/wp-json\/wp\/v2\/categories?post=1232980"},{"taxonomy":"post_tag","embeddable":true,"href":"https:\/\/www.acapulcopress.com\/index.php\/wp-json\/wp\/v2\/tags?post=1232980"}],"curies":[{"name":"wp","href":"https:\/\/api.w.org\/{rel}","templated":true}]}}