{"id":1232986,"date":"2021-10-08T22:27:03","date_gmt":"2021-10-09T03:27:03","guid":{"rendered":"https:\/\/www.acapulco.press\/?p=1232986"},"modified":"2021-10-08T22:27:03","modified_gmt":"2021-10-09T03:27:03","slug":"guerrero-penultimo-en-casos-de-covid19","status":"publish","type":"post","link":"https:\/\/www.acapulcopress.com\/index.php\/2021\/10\/08\/guerrero-penultimo-en-casos-de-covid19\/","title":{"rendered":"Guerrero, pen\u00faltimo en casos de Covid19"},"content":{"rendered":"<p style=\"text-align: justify;\">CHILPANCINGO. * 8 de octubre de 2021.<br \/>\n<em>) Gobierno de Guerrero.<\/em><\/p>\n<p style=\"text-align: justify;\">El gobernador H\u00e9ctor Astudillo Flores, comparti\u00f3 a las autoridades de la Mesa de Coordinaci\u00f3n para la Construcci\u00f3n de la Paz, que la Secretar\u00eda de Salud Federal, notific\u00f3 que Guerrero se mantiene del 11 al 17 de octubre en sem\u00e1foro epidemiol\u00f3gico verde de bajo riesgo de contagio y en el lugar 31 de la tabla nacional de casos activos por COVID-19 y se\u00f1al\u00f3 como la mejor calificaci\u00f3n <img loading=\"lazy\" decoding=\"async\" class=\"alignleft size-medium wp-image-1232989\" src=\"https:\/\/www.acapulco.press\/wp-content\/uploads\/2021\/10\/haf-covid3-375x249.jpg\" alt=\"\" width=\"375\" height=\"249\" \/>que ha tenido Guerrero en a\u00f1o y medio de la contingencia sanitaria, sin embargo, pidi\u00f3 a la poblaci\u00f3n seguirse cuidando.<\/p>\n<p style=\"text-align: justify;\">\u00abLa notificaci\u00f3n que nos lleg\u00f3 de la Secretar\u00eda de Salud Federal en el caso del COVID-19 es la mejor calificaci\u00f3n del a\u00f1o y medio que llevamos de la pandemia, estamos a un punto de cero en el sem\u00e1foro verde, es extraordinario, pero debemos seguirnos cuidando, no bajar la guardia\u00bb, puntualiz\u00f3 Astudillo Flores.<\/p>\n<p style=\"text-align: justify;\">El gobernador, acompa\u00f1ado por el secretario de Salud, Carlos de la Pe\u00f1a Pintos, reconoci\u00f3 el trabajo y apoyo de las autoridades de la <img loading=\"lazy\" decoding=\"async\" class=\"alignleft size-medium wp-image-1232987\" src=\"https:\/\/www.acapulco.press\/wp-content\/uploads\/2021\/10\/haf-covid-375x249.jpg\" alt=\"\" width=\"375\" height=\"249\" \/>Mesa de Coordinaci\u00f3n para la Construcci\u00f3n de la Paz, as\u00ed como al Presidente Andr\u00e9s Manuel L\u00f3pez Obrador y a todos los que han participado en el Plan Nacional de de Vacunaci\u00f3n en Guerrero y en el combate a la pandemia por COVID-19 en Guerrero.<br \/>\n\u00abQuiero agradecerles mucho, el programa de vacunaci\u00f3n ha sido important\u00edsimo ha servido mucho, mi reconocimiento al Presidente de la Rep\u00fablica, Andr\u00e9s Manuel L\u00f3pez Obrador y a todos los que han participado, es una noticia muy importante que nos mantengamos en los pr\u00f3ximos d\u00edas en sem\u00e1foro epidemiol\u00f3gico color verde\u00bb, puntualiz\u00f3 Astudillo Flores.<\/p>\n<p style=\"text-align: justify;\">Por su parte, el delegado federal, Iv\u00e1n Hern\u00e1ndez D\u00edaz, inform\u00f3 que el plan de vacunaci\u00f3n avanza favorablemente con la jornada que se lleva a cabo en los 16 municipios de la zona Norte. Tambi\u00e9n coment\u00f3 que en los pr\u00f3ximos d\u00edas llegar\u00e1 un nuevo lote de vacunas y se anunciar\u00e1 oportunamente d\u00f3nde se aplicar\u00e1n.<\/p>\n<p style=\"text-align: justify;\">En los temas de seguridad en el estado, el gobernador y las autoridades que integran la Mesa para la Construcci\u00f3n de la Paz, dieron seguimiento a cada una de las incidencias delictivas registradas durante las \u00faltimas 24 horas en diversas regiones, adem\u00e1s de evaluar los resultados de los operativos conjuntos, as\u00ed como las detenciones logradas de objetivos prioritarios generadores de violencia.<\/p>\n<p style=\"text-align: justify;\">El secretario de Seguridad P\u00fablica, David Portillo Menchaca, inform\u00f3 de las actividades delictivas presentadas en la entidad y el Fiscal General del Estado, Jorge Zuriel de los Santos Barrila, indic\u00f3 que se investiga estos hechos delictivos en Acapulco e Iguala, principalmente.<\/p>\n<p style=\"text-align: justify;\">Estuvieron presentes el comandante de la Novena Regi\u00f3n Militar, Celestino \u00c1vila Astudillo; el comandante de la Octava Regi\u00f3n Naval, Julio C\u00e9sar Pescina \u00c1vila; el secretario general de Gobierno, Florencio Salazar Adame; el coordinador estatal de la Guardia Nacional, Lucio Vergara G\u00f3mez; el comandante de la 27 zona Militar, Federico San Juan Rosales y el comandante de la 35 zona Militar, Miguel \u00c1ngel Aguirre Lara, entre otros funcionarios estatales y federales.<\/p>\n","protected":false},"excerpt":{"rendered":"<p>CHILPANCINGO. * 8 de octubre de 2021. ) Gobierno de Guerrero. El gobernador H\u00e9ctor Astudillo Flores, comparti\u00f3 a las autoridades de la Mesa de Coordinaci\u00f3n para la Construcci\u00f3n de la Paz, que la Secretar\u00eda de Salud Federal, notific\u00f3 que Guerrero se mantiene del 11 al 17 de octubre en sem\u00e1foro epidemiol\u00f3gico verde de bajo riesgo&#8230;<\/p>\n","protected":false},"author":2,"featured_media":1232988,"comment_status":"closed","ping_status":"closed","sticky":false,"template":"","format":"standard","meta":{"footnotes":""},"categories":[1972,1997],"tags":[6705,9302,9705],"class_list":["post-1232986","post","type-post","status-publish","format-standard","has-post-thumbnail","hentry","category-special","category-noticias-destacadas","tag-covid19","tag-gobierno-de-guerrero","tag-hector-astudillo-flores"],"_links":{"self":[{"href":"https:\/\/www.acapulcopress.com\/index.php\/wp-json\/wp\/v2\/posts\/1232986","targetHints":{"allow":["GET"]}}],"collection":[{"href":"https:\/\/www.acapulcopress.com\/index.php\/wp-json\/wp\/v2\/posts"}],"about":[{"href":"https:\/\/www.acapulcopress.com\/index.php\/wp-json\/wp\/v2\/types\/post"}],"author":[{"embeddable":true,"href":"https:\/\/www.acapulcopress.com\/index.php\/wp-json\/wp\/v2\/users\/2"}],"replies":[{"embeddable":true,"href":"https:\/\/www.acapulcopress.com\/index.php\/wp-json\/wp\/v2\/comments?post=1232986"}],"version-history":[{"count":0,"href":"https:\/\/www.acapulcopress.com\/index.php\/wp-json\/wp\/v2\/posts\/1232986\/revisions"}],"wp:featuredmedia":[{"embeddable":true,"href":"https:\/\/www.acapulcopress.com\/index.php\/wp-json\/"}],"wp:attachment":[{"href":"https:\/\/www.acapulcopress.com\/index.php\/wp-json\/wp\/v2\/media?parent=1232986"}],"wp:term":[{"taxonomy":"category","embeddable":true,"href":"https:\/\/www.acapulcopress.com\/index.php\/wp-json\/wp\/v2\/categories?post=1232986"},{"taxonomy":"post_tag","embeddable":true,"href":"https:\/\/www.acapulcopress.com\/index.php\/wp-json\/wp\/v2\/tags?post=1232986"}],"curies":[{"name":"wp","href":"https:\/\/api.w.org\/{rel}","templated":true}]}}