{"id":1233001,"date":"2021-10-09T08:09:04","date_gmt":"2021-10-09T13:09:04","guid":{"rendered":"https:\/\/www.acapulco.press\/?p=1233001"},"modified":"2021-10-09T08:09:04","modified_gmt":"2021-10-09T13:09:04","slug":"gilberto-solano-presento-programa-de-actividades-de-el-senor-del-nicho","status":"publish","type":"post","link":"https:\/\/www.acapulcopress.com\/index.php\/2021\/10\/09\/gilberto-solano-presento-programa-de-actividades-de-el-senor-del-nicho\/","title":{"rendered":"Gilberto Solano present\u00f3 programa de actividades de El Se\u00f1or del Nicho"},"content":{"rendered":"<p style=\"text-align: justify;\">TLAPA DE COMONFORT. * 11 de octubre de 2021.<br \/>\n) Gobierno de Tlapa.<\/p>\n<p style=\"text-align: justify;\"><img loading=\"lazy\" decoding=\"async\" class=\"alignleft size-medium wp-image-1233003\" src=\"https:\/\/www.acapulco.press\/wp-content\/uploads\/2021\/10\/Nicho-Tlapa2-375x250.jpg\" alt=\"\" width=\"375\" height=\"250\" \/>El presidente municipal de Tlapa, Gilberto Solano Arreaga, el Cabildo Plural y miembros del Patronato, presentaron este viernes, en el Cerro de la Cruz, las actividades que se realizar\u00e1n en el marco de la festividad en honor al Se\u00f1or del Nicho y develaron la imagen, que ser\u00e1 la portada del cartel representativo.<\/p>\n<p style=\"text-align: justify;\">En Tlapa, la festividad en honor al Se\u00f1or del Nicho tiene dos a\u00f1os que no se realiza por la pandemia por COVID-19 y aunque esta es una de las fiestas m\u00e1s grandes en toda la Monta\u00f1a de Guerrero, hab\u00eda sido imposible su realizaci\u00f3n.<\/p>\n<p style=\"text-align: justify;\">El titular del Instituto Municipal de Cultura y las Artes, Felipe <img loading=\"lazy\" decoding=\"async\" class=\"alignleft size-medium wp-image-1233005\" src=\"https:\/\/www.acapulco.press\/wp-content\/uploads\/2021\/10\/Nicho-Tlapa4-375x250.jpg\" alt=\"\" width=\"375\" height=\"250\" \/>Mu\u00f1oz D\u00edaz coment\u00f3 que luego de estos dos a\u00f1os de ausencia, esta ser\u00e1 la primera edici\u00f3n del \u201cPaseo del Se\u00f1or del Nicho\u201d, la cual la finalidad de engrandecer las fiestas patronales de Tlapa y resaltar las ra\u00edces ind\u00edgenas de los Pueblos Originarios.<\/p>\n<p style=\"text-align: justify;\">Felipe Mu\u00f1oz explic\u00f3 que, la reina de los pueblos originarios ser\u00e1 la mujer que encabece esta nueva edici\u00f3n, en donde la corona que com\u00fanmente se entrega, quedar\u00e1 en el pasado y ahora se enaltecer\u00e1n las ra\u00edces ind\u00edgenas, entregando varas de mando.<\/p>\n<p style=\"text-align: justify;\">El paseo se realizar\u00e1 el 14 de octubre, iniciando en el arco de la entrada de Tlapa y culminar\u00e1 en la catedral de San Agust\u00edn, en el <img loading=\"lazy\" decoding=\"async\" class=\"alignleft size-medium wp-image-1233006\" src=\"https:\/\/www.acapulco.press\/wp-content\/uploads\/2021\/10\/Nicho-Tlapa5-375x250.jpg\" alt=\"\" width=\"375\" height=\"250\" \/>Centro de la ciudad.<\/p>\n<p style=\"text-align: justify;\">El titular de Cultura dijo que se pretende emanar lazos con los municipios vecinos, as\u00ed que les facilitar\u00e1 el traslado a la ciudad. Hasta el momento se tienen confirmados 30 de los 70 contingentes que se pretenden vengan a cumplir con esta traici\u00f3n con m\u00e1s de 100 a\u00f1os.<\/p>\n<p style=\"text-align: justify;\">Mu\u00f1oz D\u00edaz asegur\u00f3 que se contar\u00e1n con todas las medidas sanitarias, y se colocar\u00e1n filtros por d\u00f3nde camine el contingente; ser\u00e1n tres uno de sanitizaci\u00f3n, otro de hidrataci\u00f3n y por \u00faltimo, el de primeros auxilios.<\/p>\n<p style=\"text-align: justify;\"><img loading=\"lazy\" decoding=\"async\" class=\"alignleft size-medium wp-image-1233002\" src=\"https:\/\/www.acapulco.press\/wp-content\/uploads\/2021\/10\/Nicho-Tlapa-375x250.jpg\" alt=\"\" width=\"375\" height=\"250\" \/>El funcionario municipal inform\u00f3 que ma\u00f1ana s\u00e1bado saldr\u00e1 publicada en las p\u00e1ginas oficiales, la convocatoria para el primer concurso de carros aleg\u00f3ricos, en donde se tomar\u00e1n en cuenta todos los sectores de la ciudadan\u00eda para su participaci\u00f3n.<\/p>\n<p style=\"text-align: justify;\">En su mensaje, el presidente municipal explic\u00f3 que eligi\u00f3 hacer esta presentaci\u00f3n en el Cerro de la Cruz por la altura que este tiene, y quiere que este sea un referente para todos los habitantes de Tlapa, pues la altura significa pensar en grande, saber que no hay imposibles y sobre todo, que Tlapa puede estar a la altura de las grandes ciudades.<\/p>\n<p style=\"text-align: justify;\">\u201cNo hay imposibles, s\u00f3lo tienes que empezar a caminar, despu\u00e9s aprender\u00e1s a trotar y al final no habr\u00e1 quien te detenga\u201d, coment\u00f3.<\/p>\n","protected":false},"excerpt":{"rendered":"<p>TLAPA DE COMONFORT. * 11 de octubre de 2021. ) Gobierno de Tlapa. El presidente municipal de Tlapa, Gilberto Solano Arreaga, el Cabildo Plural y miembros del Patronato, presentaron este viernes, en el Cerro de la Cruz, las actividades que se realizar\u00e1n en el marco de la festividad en honor al Se\u00f1or del Nicho y&#8230;<\/p>\n","protected":false},"author":2,"featured_media":1233004,"comment_status":"closed","ping_status":"closed","sticky":false,"template":"","format":"standard","meta":{"footnotes":""},"categories":[1972,18589,18561],"tags":[4495,9199,9321],"class_list":["post-1233001","post","type-post","status-publish","format-standard","has-post-thumbnail","hentry","category-special","category-gobierno-de-tlapa","category-society-politics","tag-ayuntamiento-de-tlapa","tag-gilberto-solano-arreaga","tag-gobierno-de-tlapa"],"_links":{"self":[{"href":"https:\/\/www.acapulcopress.com\/index.php\/wp-json\/wp\/v2\/posts\/1233001","targetHints":{"allow":["GET"]}}],"collection":[{"href":"https:\/\/www.acapulcopress.com\/index.php\/wp-json\/wp\/v2\/posts"}],"about":[{"href":"https:\/\/www.acapulcopress.com\/index.php\/wp-json\/wp\/v2\/types\/post"}],"author":[{"embeddable":true,"href":"https:\/\/www.acapulcopress.com\/index.php\/wp-json\/wp\/v2\/users\/2"}],"replies":[{"embeddable":true,"href":"https:\/\/www.acapulcopress.com\/index.php\/wp-json\/wp\/v2\/comments?post=1233001"}],"version-history":[{"count":0,"href":"https:\/\/www.acapulcopress.com\/index.php\/wp-json\/wp\/v2\/posts\/1233001\/revisions"}],"wp:featuredmedia":[{"embeddable":true,"href":"https:\/\/www.acapulcopress.com\/index.php\/wp-json\/"}],"wp:attachment":[{"href":"https:\/\/www.acapulcopress.com\/index.php\/wp-json\/wp\/v2\/media?parent=1233001"}],"wp:term":[{"taxonomy":"category","embeddable":true,"href":"https:\/\/www.acapulcopress.com\/index.php\/wp-json\/wp\/v2\/categories?post=1233001"},{"taxonomy":"post_tag","embeddable":true,"href":"https:\/\/www.acapulcopress.com\/index.php\/wp-json\/wp\/v2\/tags?post=1233001"}],"curies":[{"name":"wp","href":"https:\/\/api.w.org\/{rel}","templated":true}]}}