{"id":1233011,"date":"2021-10-09T23:14:15","date_gmt":"2021-10-10T04:14:15","guid":{"rendered":"https:\/\/www.acapulco.press\/?p=1233011"},"modified":"2021-10-09T23:14:15","modified_gmt":"2021-10-10T04:14:15","slug":"tlapa-elige-a-representante-de-los-pueblos-originarios-ante-el-senor-del-nicho","status":"publish","type":"post","link":"https:\/\/www.acapulcopress.com\/index.php\/2021\/10\/09\/tlapa-elige-a-representante-de-los-pueblos-originarios-ante-el-senor-del-nicho\/","title":{"rendered":"Tlapa elige a representante de los pueblos originarios ante el Se\u00f1or del Nicho"},"content":{"rendered":"<p style=\"text-align: justify;\"><img loading=\"lazy\" decoding=\"async\" class=\"alignnone wp-image-1233012 size-large\" src=\"https:\/\/www.acapulco.press\/wp-content\/uploads\/2021\/10\/Miss-Nicho-Tlapa-840x602.jpeg\" alt=\"\" width=\"840\" height=\"602\" \/><\/p>\n<p>TLAPA DE COMONFORT. * 9 de octubre de 2021.<br \/>\n<em>) Gobierno de Tlapa.<\/em><\/p>\n<figure id=\"attachment_1233015\" aria-describedby=\"caption-attachment-1233015\" style=\"width: 375px\" class=\"wp-caption alignleft\"><img loading=\"lazy\" decoding=\"async\" class=\"wp-image-1233015 size-medium\" src=\"https:\/\/www.acapulco.press\/wp-content\/uploads\/2021\/10\/Miss-Nicho-Tlapa4-375x563.jpeg\" alt=\"\" width=\"375\" height=\"563\" \/><figcaption id=\"caption-attachment-1233015\" class=\"wp-caption-text\"><strong>\u00c1ngela Hern\u00e1ndez Portillo.<\/strong><\/figcaption><\/figure>\n<p style=\"text-align: justify;\">El presidente municipal de Tlapa de Comonfort, Gilberto Solano Arreaga, miembros del Cabildo Plural y del Patronato eligieron esta tarde a la se\u00f1orita que ser\u00e1 representante de los Pueblos Originarios, en la festividad en honor al Se\u00f1or del Nicho.<\/p>\n<p style=\"text-align: justify;\">En el evento participaron 11 candidatas, todas hablantes de lengua materna y luego de una presentaci\u00f3n, y una breve explicaci\u00f3n sobre el por qu\u00e9 deber\u00edan de ser elegidas como representantes, una comisi\u00f3n determin\u00f3 que, quien portar\u00e1 el bast\u00f3n de mando, ser\u00e1 \u00c1ngela Hern\u00e1ndez Portillo, originaria de Ahuatepec Pueblo.<\/p>\n<p style=\"text-align: justify;\">En su mensaje, Solano Arreaga reconoci\u00f3 que el empoderamiento de los pueblos originarios es digno de representarlo en todo momento, porque es producto del esfuerzo y trabajo diario de mujeres y hombres de la regi\u00f3n.<\/p>\n<p style=\"text-align: justify;\">\u201cEn la Monta\u00f1a somos producto de usos y costumbres, me reconozco como un ciudadano emigrante de los Pueblos Originarios, pero que porto con orgullo la bandera de mi idioma Mepha&#8217;a\u201d, sostuvo Gilberto Solano.<\/p>\n<p style=\"text-align: justify;\">El primer presidente municipal ind\u00edgena les agradeci\u00f3 a las participantes la valent\u00eda de poder pararse y expresar en su lengua materna su sentir, sus anhelos y sus ganas de representar sus pueblos originarios.<\/p>\n<p style=\"text-align: justify;\">Las participantes fueron: Itzel Rodr\u00edguez Naponuceno, originaria de Xalatzala; Lizeth Peralta Tapia y Keyra Erandy Saavedra Pinz\u00f3n, originarias de Atlamajalcinco del R\u00edo; Vanesa Cervantes D\u00edaz y Mayra Cristal Reyes Osorio, originaria de Tlatzala; Marcelina Cabrera Cruz, originaria de Ayotzinapa; Yatziri \u00c1lvarez Le\u00f3n, originaria de Tototepec; Zeferina Garc\u00eda Leal de Aquilpa; Marisol Garc\u00eda Saavedra de Plan de Zacatepec y Carmen de Los \u00c1ngeles Herrera Pineda de Ahuatepec Ejido.<\/p>\n<p><img loading=\"lazy\" decoding=\"async\" class=\"alignnone wp-image-1233014 size-large\" src=\"https:\/\/www.acapulco.press\/wp-content\/uploads\/2021\/10\/Miss-Nicho-Tlapa3-840x560.jpeg\" alt=\"\" width=\"840\" height=\"560\" \/><\/p>\n<p><img loading=\"lazy\" decoding=\"async\" class=\"alignnone wp-image-1233016 size-large\" src=\"https:\/\/www.acapulco.press\/wp-content\/uploads\/2021\/10\/Miss-Nicho-Tlapa5-840x575.jpeg\" alt=\"\" width=\"840\" height=\"575\" \/><\/p>\n","protected":false},"excerpt":{"rendered":"<p>TLAPA DE COMONFORT. * 9 de octubre de 2021. ) Gobierno de Tlapa. El presidente municipal de Tlapa de Comonfort, Gilberto Solano Arreaga, miembros del Cabildo Plural y del Patronato eligieron esta tarde a la se\u00f1orita que ser\u00e1 representante de los Pueblos Originarios, en la festividad en honor al Se\u00f1or del Nicho. En el evento&#8230;<\/p>\n","protected":false},"author":2,"featured_media":1233013,"comment_status":"closed","ping_status":"closed","sticky":false,"template":"","format":"standard","meta":{"footnotes":""},"categories":[18589,18561],"tags":[9199,9321,16481],"class_list":["post-1233011","post","type-post","status-publish","format-standard","has-post-thumbnail","hentry","category-gobierno-de-tlapa","category-society-politics","tag-gilberto-solano-arreaga","tag-gobierno-de-tlapa","tag-senor-del-nicho"],"_links":{"self":[{"href":"https:\/\/www.acapulcopress.com\/index.php\/wp-json\/wp\/v2\/posts\/1233011","targetHints":{"allow":["GET"]}}],"collection":[{"href":"https:\/\/www.acapulcopress.com\/index.php\/wp-json\/wp\/v2\/posts"}],"about":[{"href":"https:\/\/www.acapulcopress.com\/index.php\/wp-json\/wp\/v2\/types\/post"}],"author":[{"embeddable":true,"href":"https:\/\/www.acapulcopress.com\/index.php\/wp-json\/wp\/v2\/users\/2"}],"replies":[{"embeddable":true,"href":"https:\/\/www.acapulcopress.com\/index.php\/wp-json\/wp\/v2\/comments?post=1233011"}],"version-history":[{"count":0,"href":"https:\/\/www.acapulcopress.com\/index.php\/wp-json\/wp\/v2\/posts\/1233011\/revisions"}],"wp:featuredmedia":[{"embeddable":true,"href":"https:\/\/www.acapulcopress.com\/index.php\/wp-json\/"}],"wp:attachment":[{"href":"https:\/\/www.acapulcopress.com\/index.php\/wp-json\/wp\/v2\/media?parent=1233011"}],"wp:term":[{"taxonomy":"category","embeddable":true,"href":"https:\/\/www.acapulcopress.com\/index.php\/wp-json\/wp\/v2\/categories?post=1233011"},{"taxonomy":"post_tag","embeddable":true,"href":"https:\/\/www.acapulcopress.com\/index.php\/wp-json\/wp\/v2\/tags?post=1233011"}],"curies":[{"name":"wp","href":"https:\/\/api.w.org\/{rel}","templated":true}]}}