{"id":1233063,"date":"2021-10-11T20:30:17","date_gmt":"2021-10-12T01:30:17","guid":{"rendered":"https:\/\/www.acapulco.press\/?p=1233063"},"modified":"2021-10-11T20:30:17","modified_gmt":"2021-10-12T01:30:17","slug":"inician-con-exito-los-foros-de-ciudadanos-por-la-grandeza-de-tlapa","status":"publish","type":"post","link":"https:\/\/www.acapulcopress.com\/index.php\/2021\/10\/11\/inician-con-exito-los-foros-de-ciudadanos-por-la-grandeza-de-tlapa\/","title":{"rendered":"Inician con \u00e9xito los foros de ciudadanos \u00abPor la Grandeza de Tlapa\u00bb"},"content":{"rendered":"<p style=\"text-align: justify;\"><img loading=\"lazy\" decoding=\"async\" class=\"alignnone wp-image-1233071 size-large\" src=\"https:\/\/www.acapulco.press\/wp-content\/uploads\/2021\/10\/TLAPA-SETRVICIOS8-2-840x473.jpeg\" alt=\"\" width=\"840\" height=\"473\" \/><\/p>\n<p>TLAPA DE COMONFORT. * 11 de octubre de 2021.<br \/>\n<em>) Gobierno de Tlapa.<\/em><\/p>\n<p style=\"text-align: justify;\">Con la presencia de 18 ponentes y m\u00e1s de 500 asistentes, este lunes el H. Ayuntamiento de Tlapa de Comonfort, dio inicio con \u00e9xito a los foros ciudadanos \u201cPor la Grandeza de Tlapa\u201d, en la localidad de Chiepetepec.<\/p>\n<p style=\"text-align: justify;\"><img loading=\"lazy\" decoding=\"async\" class=\"alignleft size-medium wp-image-1233073\" src=\"https:\/\/www.acapulco.press\/wp-content\/uploads\/2021\/10\/TLAPA-SETRVICIOS9-375x211.jpeg\" alt=\"\" width=\"375\" height=\"211\" \/>Este foro tiene un marco jur\u00eddico nacional y la prioridad es atender la disminuci\u00f3n de la pobreza, el cuidado del medio ambiente y buscar que la ciudadan\u00eda tenga una mejor calidad de vida.<\/p>\n<p>A trav\u00e9s de estos foros se elaborar\u00e1 el Plan de Desarrollo Municipal, contemplando las necesidades m\u00e1s urgentes de la zona urbana y rural de Tlapa de Comonfort.<\/p>\n<p style=\"text-align: justify;\">Los ponentes expusieron problem\u00e1ticas relacionadas con la infraestructura para la educaci\u00f3n e insumos para atender <img loading=\"lazy\" decoding=\"async\" class=\"alignleft size-medium wp-image-1233070\" src=\"https:\/\/www.acapulco.press\/wp-content\/uploads\/2021\/10\/TLAPA-SETRVICIOS7-375x211.jpeg\" alt=\"\" width=\"375\" height=\"211\" \/>necesidades en este rubro, tambi\u00e9n obra p\u00fablica, salud y apoyos para los campesinos.<\/p>\n<p style=\"text-align: justify;\">El presidente municipal, Gilberto Solano Arreaga inform\u00f3 a los participantes que, adem\u00e1s de contar con \u00e9l para la soluci\u00f3n de sus demandas, para la atenci\u00f3n de cualquier tema, podr\u00edan acercarse a la presidenta del DIF municipal, Guadalupe Alarc\u00f3n Arcos y los miembros del Cabildo Plural.<\/p>\n<p style=\"text-align: justify;\">El primer edil agradeci\u00f3 la concurrencia, pues esto ayudar\u00e1 a fortalecer los mecanismos de participaci\u00f3n ciudadana y as\u00ed, al momento de determinar qu\u00e9 acciones de gobierno se realizar\u00e1n en los diferentes rubros, ya se sabr\u00e1 con exactitud cu\u00e1les son las prioridades para su atenci\u00f3n.<\/p>\n<p><img loading=\"lazy\" decoding=\"async\" class=\"alignnone wp-image-1233069 size-large\" src=\"https:\/\/www.acapulco.press\/wp-content\/uploads\/2021\/10\/TLAPA-SETRVICIOS6-840x473.jpeg\" alt=\"\" width=\"840\" height=\"473\" \/><\/p>\n","protected":false},"excerpt":{"rendered":"<p>TLAPA DE COMONFORT. * 11 de octubre de 2021. ) Gobierno de Tlapa. Con la presencia de 18 ponentes y m\u00e1s de 500 asistentes, este lunes el H. Ayuntamiento de Tlapa de Comonfort, dio inicio con \u00e9xito a los foros ciudadanos \u201cPor la Grandeza de Tlapa\u201d, en la localidad de Chiepetepec. Este foro tiene un&#8230;<\/p>\n","protected":false},"author":2,"featured_media":1233072,"comment_status":"closed","ping_status":"closed","sticky":false,"template":"","format":"standard","meta":{"footnotes":""},"categories":[18589,18561],"tags":[2277,4495,9199,9321],"class_list":["post-1233063","post","type-post","status-publish","format-standard","has-post-thumbnail","hentry","category-gobierno-de-tlapa","category-society-politics","tag-por-la-grandeza-de-tlapa","tag-ayuntamiento-de-tlapa","tag-gilberto-solano-arreaga","tag-gobierno-de-tlapa"],"_links":{"self":[{"href":"https:\/\/www.acapulcopress.com\/index.php\/wp-json\/wp\/v2\/posts\/1233063","targetHints":{"allow":["GET"]}}],"collection":[{"href":"https:\/\/www.acapulcopress.com\/index.php\/wp-json\/wp\/v2\/posts"}],"about":[{"href":"https:\/\/www.acapulcopress.com\/index.php\/wp-json\/wp\/v2\/types\/post"}],"author":[{"embeddable":true,"href":"https:\/\/www.acapulcopress.com\/index.php\/wp-json\/wp\/v2\/users\/2"}],"replies":[{"embeddable":true,"href":"https:\/\/www.acapulcopress.com\/index.php\/wp-json\/wp\/v2\/comments?post=1233063"}],"version-history":[{"count":0,"href":"https:\/\/www.acapulcopress.com\/index.php\/wp-json\/wp\/v2\/posts\/1233063\/revisions"}],"wp:featuredmedia":[{"embeddable":true,"href":"https:\/\/www.acapulcopress.com\/index.php\/wp-json\/"}],"wp:attachment":[{"href":"https:\/\/www.acapulcopress.com\/index.php\/wp-json\/wp\/v2\/media?parent=1233063"}],"wp:term":[{"taxonomy":"category","embeddable":true,"href":"https:\/\/www.acapulcopress.com\/index.php\/wp-json\/wp\/v2\/categories?post=1233063"},{"taxonomy":"post_tag","embeddable":true,"href":"https:\/\/www.acapulcopress.com\/index.php\/wp-json\/wp\/v2\/tags?post=1233063"}],"curies":[{"name":"wp","href":"https:\/\/api.w.org\/{rel}","templated":true}]}}