{"id":1233103,"date":"2021-10-05T22:01:31","date_gmt":"2021-10-06T03:01:31","guid":{"rendered":"https:\/\/www.acapulco.press\/?p=1233103"},"modified":"2021-10-05T22:01:31","modified_gmt":"2021-10-06T03:01:31","slug":"clases-presenciales-seran-graduales-y-voluntarias-en-uagro","status":"publish","type":"post","link":"https:\/\/www.acapulcopress.com\/index.php\/2021\/10\/05\/clases-presenciales-seran-graduales-y-voluntarias-en-uagro\/","title":{"rendered":"Clases presenciales ser\u00e1n graduales y voluntarias en UAGro"},"content":{"rendered":"<p style=\"text-align: justify;\">CHILPANCINGO. * 5 de octubre de 2021.<br \/>\n<em>) UAGro.<\/em><\/p>\n<p style=\"text-align: justify;\">La Universidad Aut\u00f3noma de Guerrero (UAGro) informa a la comunidad universitaria que, con fundamento en las disposiciones sanitarias emitidas por la Secretar\u00eda de Educaci\u00f3n P\u00fablica y el Gobierno del Estado, a partir del lunes 11 d octubre se retomar\u00e1n las clases presenciales en los planteles universitarios de forma gradual y voluntaria, pero respetando las medidas preventivas establecidas por las autoridades de Salud respecto a la contingencia causada por el Covid19.<\/p>\n<p><img loading=\"lazy\" decoding=\"async\" class=\"alignnone wp-image-1233104 size-large\" src=\"https:\/\/www.acapulco.press\/wp-content\/uploads\/2021\/10\/UAGRO-CLASES-840x1120.jpg\" alt=\"\" width=\"840\" height=\"1120\" \/><\/p>\n","protected":false},"excerpt":{"rendered":"<p>CHILPANCINGO. * 5 de octubre de 2021. ) UAGro. La Universidad Aut\u00f3noma de Guerrero (UAGro) informa a la comunidad universitaria que, con fundamento en las disposiciones sanitarias emitidas por la Secretar\u00eda de Educaci\u00f3n P\u00fablica y el Gobierno del Estado, a partir del lunes 11 d octubre se retomar\u00e1n las clases presenciales en los planteles universitarios&#8230;<\/p>\n","protected":false},"author":2,"featured_media":1233105,"comment_status":"closed","ping_status":"closed","sticky":false,"template":"","format":"standard","meta":{"footnotes":""},"categories":[18561,2016],"tags":[],"class_list":["post-1233103","post","type-post","status-publish","format-standard","has-post-thumbnail","hentry","category-society-politics","category-uagro-society-politics"],"_links":{"self":[{"href":"https:\/\/www.acapulcopress.com\/index.php\/wp-json\/wp\/v2\/posts\/1233103","targetHints":{"allow":["GET"]}}],"collection":[{"href":"https:\/\/www.acapulcopress.com\/index.php\/wp-json\/wp\/v2\/posts"}],"about":[{"href":"https:\/\/www.acapulcopress.com\/index.php\/wp-json\/wp\/v2\/types\/post"}],"author":[{"embeddable":true,"href":"https:\/\/www.acapulcopress.com\/index.php\/wp-json\/wp\/v2\/users\/2"}],"replies":[{"embeddable":true,"href":"https:\/\/www.acapulcopress.com\/index.php\/wp-json\/wp\/v2\/comments?post=1233103"}],"version-history":[{"count":0,"href":"https:\/\/www.acapulcopress.com\/index.php\/wp-json\/wp\/v2\/posts\/1233103\/revisions"}],"wp:featuredmedia":[{"embeddable":true,"href":"https:\/\/www.acapulcopress.com\/index.php\/wp-json\/"}],"wp:attachment":[{"href":"https:\/\/www.acapulcopress.com\/index.php\/wp-json\/wp\/v2\/media?parent=1233103"}],"wp:term":[{"taxonomy":"category","embeddable":true,"href":"https:\/\/www.acapulcopress.com\/index.php\/wp-json\/wp\/v2\/categories?post=1233103"},{"taxonomy":"post_tag","embeddable":true,"href":"https:\/\/www.acapulcopress.com\/index.php\/wp-json\/wp\/v2\/tags?post=1233103"}],"curies":[{"name":"wp","href":"https:\/\/api.w.org\/{rel}","templated":true}]}}