{"id":1233112,"date":"2021-10-11T22:28:51","date_gmt":"2021-10-12T03:28:51","guid":{"rendered":"https:\/\/www.acapulco.press\/?p=1233112"},"modified":"2021-10-11T22:28:51","modified_gmt":"2021-10-12T03:28:51","slug":"policia-ministerial-detiene-en-zihuatanejo-a-mujer-acusada-de-lesiones","status":"publish","type":"post","link":"https:\/\/www.acapulcopress.com\/index.php\/2021\/10\/11\/policia-ministerial-detiene-en-zihuatanejo-a-mujer-acusada-de-lesiones\/","title":{"rendered":"Polic\u00eda Ministerial detiene en Zihuatanejo a mujer acusada de lesiones"},"content":{"rendered":"<p>CHILPANCINGO. * 11 de octubre de 2021.<br \/>\n<em>) https:\/\/fiscaliaguerrero.gob.mx..<\/em><\/p>\n<p style=\"text-align: justify;\">Fiscal\u00eda de Guerrero, a trav\u00e9s de la Polic\u00eda Investigadora Ministerial de Zihuatanejo, dio cumplimiento a la orden de aprehensi\u00f3n en contra de quien dijo llamarse Xochitl \u00abN\u00bb, detenida en la colonia Joyas de Zihuatanejo como probable responsable del delito de lesiones, en la causa penal 104\/2007, quedando a disposici\u00f3n del Juez Mixto de Paz del Distrito de Azueta.<\/p>\n","protected":false},"excerpt":{"rendered":"<p>CHILPANCINGO. * 11 de octubre de 2021. ) https:\/\/fiscaliaguerrero.gob.mx.. Fiscal\u00eda de Guerrero, a trav\u00e9s de la Polic\u00eda Investigadora Ministerial de Zihuatanejo, dio cumplimiento a la orden de aprehensi\u00f3n en contra de quien dijo llamarse Xochitl \u00abN\u00bb, detenida en la colonia Joyas de Zihuatanejo como probable responsable del delito de lesiones, en la causa penal 104\/2007,&#8230;<\/p>\n","protected":false},"author":2,"featured_media":1233113,"comment_status":"closed","ping_status":"closed","sticky":false,"template":"","format":"standard","meta":{"footnotes":""},"categories":[1969,2005],"tags":[8703,10946,14737],"class_list":["post-1233112","post","type-post","status-publish","format-standard","has-post-thumbnail","hentry","category-trending","category-seguridad-y-justicia","tag-fiscalia-general-del-estado-de-guerrero-fge","tag-jorge-zuriel-de-los-santos-barrila","tag-policia-ministerial-de-guerrero"],"_links":{"self":[{"href":"https:\/\/www.acapulcopress.com\/index.php\/wp-json\/wp\/v2\/posts\/1233112","targetHints":{"allow":["GET"]}}],"collection":[{"href":"https:\/\/www.acapulcopress.com\/index.php\/wp-json\/wp\/v2\/posts"}],"about":[{"href":"https:\/\/www.acapulcopress.com\/index.php\/wp-json\/wp\/v2\/types\/post"}],"author":[{"embeddable":true,"href":"https:\/\/www.acapulcopress.com\/index.php\/wp-json\/wp\/v2\/users\/2"}],"replies":[{"embeddable":true,"href":"https:\/\/www.acapulcopress.com\/index.php\/wp-json\/wp\/v2\/comments?post=1233112"}],"version-history":[{"count":0,"href":"https:\/\/www.acapulcopress.com\/index.php\/wp-json\/wp\/v2\/posts\/1233112\/revisions"}],"wp:featuredmedia":[{"embeddable":true,"href":"https:\/\/www.acapulcopress.com\/index.php\/wp-json\/"}],"wp:attachment":[{"href":"https:\/\/www.acapulcopress.com\/index.php\/wp-json\/wp\/v2\/media?parent=1233112"}],"wp:term":[{"taxonomy":"category","embeddable":true,"href":"https:\/\/www.acapulcopress.com\/index.php\/wp-json\/wp\/v2\/categories?post=1233112"},{"taxonomy":"post_tag","embeddable":true,"href":"https:\/\/www.acapulcopress.com\/index.php\/wp-json\/wp\/v2\/tags?post=1233112"}],"curies":[{"name":"wp","href":"https:\/\/api.w.org\/{rel}","templated":true}]}}