{"id":1233118,"date":"2021-10-11T23:11:02","date_gmt":"2021-10-12T04:11:02","guid":{"rendered":"https:\/\/www.acapulco.press\/?p=1233118"},"modified":"2021-10-11T23:11:02","modified_gmt":"2021-10-12T04:11:02","slug":"participa-evelyn-salgado-en-reunion-de-seguridad-comandada-por-el-gobernador-astudillo","status":"publish","type":"post","link":"https:\/\/www.acapulcopress.com\/index.php\/2021\/10\/11\/participa-evelyn-salgado-en-reunion-de-seguridad-comandada-por-el-gobernador-astudillo\/","title":{"rendered":"Participa Evelyn Salgado en reuni\u00f3n de seguridad comandada por el Gobernador Astudillo"},"content":{"rendered":"<p style=\"text-align: justify;\">CHILPANCINGO. * 11 de octubre de 2021.<br \/>\n<em>) Gobierno de Guerrero.<\/em><\/p>\n<p style=\"text-align: justify;\"><img loading=\"lazy\" decoding=\"async\" class=\"alignleft size-medium wp-image-1233121\" src=\"https:\/\/www.acapulco.press\/wp-content\/uploads\/2021\/10\/ASTUDILLO.EVELYN3-375x247.jpg\" alt=\"\" width=\"375\" height=\"247\" \/>El gobernador H\u00e9ctor Astudillo Flores, con las autoridades civiles y militares, encabez\u00f3 la sesi\u00f3n n\u00famero 724 de la Mesa de Coordinaci\u00f3n para la Construcci\u00f3n de la Paz en Guerrero, instancia de seguridad que ha sido reconocida a nivel nacional por el gabinete de seguridad del gobierno de M\u00e9xico y por el presidente Andr\u00e9s Manuel L\u00f3pez Obrador, por los resultados logrados en el combate a los delitos de alto impacto, as\u00ed como en el tema de la pandemia del COVID-19 en Guerrero.<\/p>\n<p style=\"text-align: justify;\">\u00abDebo reconocer que en el tiempo que he sido gobernador, he recibido el apoyo de la Defensa Nacional, de la Marina Armada de M\u00e9xico, sumados con la Guardia Nacional y la Polic\u00eda Estatal, han <img loading=\"lazy\" decoding=\"async\" class=\"alignleft size-medium wp-image-1233119\" src=\"https:\/\/www.acapulco.press\/wp-content\/uploads\/2021\/10\/ASTUDILLO.EVELYN-375x249.jpg\" alt=\"\" width=\"375\" height=\"249\" \/>fortalecido los trabajos en el tema de seguridad en estos seis a\u00f1os de gobierno en Guerrero\u00bb, expres\u00f3 Astudillo Flores.<\/p>\n<p style=\"text-align: justify;\">Y destac\u00f3 Astudillo Flores, la reducci\u00f3n de los \u00edndices delictivos que en 2015 y 2016, al inicio de su gobierno, Guerrero ocupaba los primeros lugares por inseguridad, mientras que en la actualidad, Guerrero se ubica en el d\u00e9cimo lugar en homicidios dolosos y en el sitio n\u00famero 30 en cuanto a presuntos delitos de feminicidios, gracias a la participaci\u00f3n decidida de las autoridades civiles y militares de la Mesa de Coordinaci\u00f3n para la Construcci\u00f3n de la Paz en Guerrero que ha encabezado Astudillo Flores en estos seis a\u00f1os.<\/p>\n<p style=\"text-align: justify;\">A esta sesi\u00f3n de la Mesa de Coordinaci\u00f3n para la Construcci\u00f3n de <img loading=\"lazy\" decoding=\"async\" class=\"alignleft size-medium wp-image-1233123\" src=\"https:\/\/www.acapulco.press\/wp-content\/uploads\/2021\/10\/ASTUDILLO.EVELYN5-375x249.jpg\" alt=\"\" width=\"375\" height=\"249\" \/>la Paz, asisti\u00f3 como invitada la gobernadora electa, Evelyn Salgado Pineda y afirm\u00f3, \u00abcon la coordinaci\u00f3n que hemos tenido el gobernador H\u00e9ctor Astudillo y su servidora (la Gobernadora electa, Evelyn Salgado Pineda), quien sale beneficiado es el pueblo de Guerrero. Los colores partidistas quedan atr\u00e1s cuando lo m\u00e1s importante es el bienestar de nuestro estado, mi reconocimiento a todas y todos los que integran esta Mesa de Coordinaci\u00f3n sin el trabajo de ustedes los \u00edndices delictivos no hubieran disminuido\u00bb.<\/p>\n<p style=\"text-align: justify;\">Salgado Pineda, destac\u00f3 la coordinaci\u00f3n y armon\u00eda con el gobernador H\u00e9ctor Astudillo para tratar diversos temas como el de <img loading=\"lazy\" decoding=\"async\" class=\"alignleft size-medium wp-image-1233122\" src=\"https:\/\/www.acapulco.press\/wp-content\/uploads\/2021\/10\/ASTUDILLO.EVELYN4-375x249.jpg\" alt=\"\" width=\"375\" height=\"249\" \/>la seguridad en la entrega &#8211; recepci\u00f3n de la Administraci\u00f3n Estatal, pues indic\u00f3 que en otras entidades no se dieron reuniones de transici\u00f3n como las que ha convocado el gobernador Astudillo.<\/p>\n<p style=\"text-align: justify;\">El secretario t\u00e9cnico de la Mesa de Coordinaci\u00f3n para la Construcci\u00f3n de la Paz, Hermes Teodoro Gonz\u00e1lez, a nombre de la Secretar\u00eda de Seguridad y Protecci\u00f3n Ciudadana Federal, reconoci\u00f3 el trabajo encabezado por el gobernador H\u00e9ctor Astudillo Flores en la Construcci\u00f3n de Paz dentro del Plan Nacional de Seguridad y su aportaci\u00f3n al pa\u00eds y destac\u00f3 que la de este lunes es la sesi\u00f3n n\u00famero 724 del Gobierno de Astudillo Flores.<\/p>\n<p style=\"text-align: justify;\">\u00abQuiero celebrar la coordinaci\u00f3n de su parte se\u00f1or gobernador y la gobernadora electa, es un encuentro sin precedentes en la Mesa de Coordinaci\u00f3n de Paz, en cumplimiento a la Ley Nacional de Seguridad, aprovecho la oportunidad en hacer un reconocimiento a usted se\u00f1or gobernador H\u00e9ctor Astudillo por su respaldo que le dio a esta estrategia de seguridad\u00bb, expres\u00f3 Hermes Teodoro Gonz\u00e1lez.<\/p>\n<p style=\"text-align: justify;\">Como un tema prioritario, el gobernador, dio seguimiento a los agravios y privaci\u00f3n ilegal de la libertad contra integrantes de una familia, entre ellos cuatro mujeres menores de edad en la comunidad de Dos R\u00edos, municipio de Cochoapa El Grande, por lo que la Fiscal\u00eda General del Estado, integr\u00f3 la carpeta de investigaci\u00f3n correspondiente.<\/p>\n<p style=\"text-align: justify;\">La Coordinadora Regional de Autoridades Comunitarias &#8211; Polic\u00eda Comunitaria (CRAC-PC), luego de dejar en libertad a las tres menores y una adulta, acord\u00f3 no estar de acuerdo ni avalar la venta de menores de edad y matrimonios forzados.<br \/>\nPor su parte, el secretario de Seguridad P\u00fablica, David Portillo Menchaca, inform\u00f3 de la incidencia delictiva en el estado durante este fin de semana, as\u00ed como la tendencia en los indicadores delictivos de enero a septiembre con una reducci\u00f3n en homicidios dolosos de 6.51 por ciento comparado con el mismo periodo del a\u00f1o 2020 que coloca al estado en noveno y d\u00e9cimo lugar a nivel nacional en homicidios dolosos.<\/p>\n<p style=\"text-align: justify;\">El delegado de la Fiscal\u00eda General de la Rep\u00fablica, Fernando Garc\u00eda Fern\u00e1ndez, indic\u00f3 que se calific\u00f3 de legal la detenci\u00f3n en Acapulco de Jes\u00fas \u00abN\u00bb alias \u00abEl Cholo\u00bb, objetivo prioritario en Guerrero, por otro lado, en las estad\u00edsticas comparativas en las puestas a disposici\u00f3n de 2018 a la fecha, el 83 por ciento de los detenidos han sido judicializados sus casos.<\/p>\n<p style=\"text-align: justify;\">En lo que va del mes de octubre, el estado de Guerrero mantiene una tendencia a la baja en el registro de homicidios diarios con un promedio de 3.2 casos, mientras que los municipios prioritarios con mayor disminuci\u00f3n en la incidencia delictiva son Chilpancingo y Zihuatanejo y todos los municipios con alta incidencia delictiva como Ometepec, Tlapa, Huitzuco y Coyuca de Ben\u00edtez, todos se mantiene con porcentajes menores a los del a\u00f1o pasado.<\/p>\n<p style=\"text-align: justify;\">En la sesi\u00f3n se inform\u00f3 que en el tema de feminicidios Guerrero se encuentra en el lugar n\u00famero 30 a nivel Nacional en la tasa por cada 100 mil habitantes, de acuerdo a los datos del Secretariado Ejecutivo del Sistema Nacional de Seguridad P\u00fablica correspondiente de enero a agosto del 2021.<\/p>\n<p style=\"text-align: justify;\">De acuerdo con datos del INEGI, en 2015 Guerrero ocupaba la posici\u00f3n n\u00famero 2 en materia de feminicidios, siendo Acapulco la ciudad que se encontraba en el top 10 de las ciudades con mayor n\u00famero de casos, hoy ya no aparece en el lista de las 100 ciudades con mas incidentes en la materia, mientras que Chilpancingo se ubica en la posici\u00f3n 98 de acuerdo con los datos del Secretariado.<\/p>\n<p style=\"text-align: justify;\">En la reuni\u00f3n ante autoridades civiles y militares, el Secretario de Salud, Carlos de la Pe\u00f1a Pintos, expuso al gobernador Astudillo y a la gobernadora electa, Evelyn Salgado Pineda, la tendencia de la pandemia en Guerrero y las tres olas de contagios que se han presentado en el Estado, logrando estar actualmente en sem\u00e1foro verde con la disminuci\u00f3n de contagios del COVID-19.<\/p>\n<p style=\"text-align: justify;\">Por su parte, el Delegado Federal en Guerrero, Iv\u00e1n Hern\u00e1ndez D\u00edaz, inform\u00f3 del trabajo conjunto en las jornadas de vacunaci\u00f3n que se desarrolla en 16 municipios de la regi\u00f3n Norte de Guerrero con un avance del 69 por ciento de la meta establecida de personas vacunadas.<\/p>\n<p style=\"text-align: justify;\">Hern\u00e1ndez D\u00edaz, inform\u00f3 sobre el censo para viviendas afectadas por el sismo del pasado 7 de septiembre y la atenci\u00f3n en algunos puntos de afectaci\u00f3n que han sido evaluados.<\/p>\n<p style=\"text-align: justify;\">El secretario de Protecci\u00f3n Civil, Marco C\u00e9sar Mayares Salvador, inform\u00f3 de las afectaciones presentadas por las lluvias registradas en diversas zonas de Acapulco, Coyuca de Ben\u00edtez, sin tener alguna situaci\u00f3n de riesgo.<\/p>\n<p style=\"text-align: justify;\">El tanto el secretario de Turismo, Ernesto Rodr\u00edguez Escalona, indic\u00f3 que se ha notado un relajamiento en el uso de cubrebocas, por lo que es importante que la poblaci\u00f3n mantenga las medidas sanitarias a pesar de encontrarse en sem\u00e1foro verde, principalmente en las zonas tur\u00edsticas.<br \/>\nEstuvieron presentes el Comandante de la Novena Regi\u00f3n Militar, Celestino \u00c1vila Astudillo, el Comandante de la Octava Regi\u00f3n Naval, Julio C\u00e9sar Pescina \u00c1vila, el Secretario General de Gobierno, Florencio Salazar Adame, el Coordinador Estatal de la Guardia Nacional, Lucio Vergara G\u00f3mez, el Comandante de la 27 zona Militar, Federico San Juan Rosales, el Comandante de la 35 zona Militar, Miguel \u00c1ngel Aguirre Lara.<\/p>\n<p style=\"text-align: justify;\">As\u00ed como el Jefe de Estaci\u00f3n del Centro Nacional de Inteligencia, Marco Medina Arredondo, el Subsecretario de Asuntos Pol\u00edticos, Mart\u00edn Maldonado del Moral, el Secretario de Protecci\u00f3n Civil, Marco C\u00e9sar Mayares Salvador, el Secretario de Finanzas y Administraci\u00f3n, Tulio P\u00e9rez Calvo, entre otros funcionarios estatales y federales, adem\u00e1s del Presidente de la Coparmex Chilpancingo, Joel Moreno Temelo.<\/p>\n<p style=\"text-align: justify;\">\n","protected":false},"excerpt":{"rendered":"<p>CHILPANCINGO. * 11 de octubre de 2021. ) Gobierno de Guerrero. El gobernador H\u00e9ctor Astudillo Flores, con las autoridades civiles y militares, encabez\u00f3 la sesi\u00f3n n\u00famero 724 de la Mesa de Coordinaci\u00f3n para la Construcci\u00f3n de la Paz en Guerrero, instancia de seguridad que ha sido reconocida a nivel nacional por el gabinete de seguridad&#8230;<\/p>\n","protected":false},"author":2,"featured_media":1233120,"comment_status":"closed","ping_status":"closed","sticky":false,"template":"","format":"standard","meta":{"footnotes":""},"categories":[1972,1983,18561],"tags":[],"class_list":["post-1233118","post","type-post","status-publish","format-standard","has-post-thumbnail","hentry","category-special","category-guerrerogob","category-society-politics"],"_links":{"self":[{"href":"https:\/\/www.acapulcopress.com\/index.php\/wp-json\/wp\/v2\/posts\/1233118","targetHints":{"allow":["GET"]}}],"collection":[{"href":"https:\/\/www.acapulcopress.com\/index.php\/wp-json\/wp\/v2\/posts"}],"about":[{"href":"https:\/\/www.acapulcopress.com\/index.php\/wp-json\/wp\/v2\/types\/post"}],"author":[{"embeddable":true,"href":"https:\/\/www.acapulcopress.com\/index.php\/wp-json\/wp\/v2\/users\/2"}],"replies":[{"embeddable":true,"href":"https:\/\/www.acapulcopress.com\/index.php\/wp-json\/wp\/v2\/comments?post=1233118"}],"version-history":[{"count":0,"href":"https:\/\/www.acapulcopress.com\/index.php\/wp-json\/wp\/v2\/posts\/1233118\/revisions"}],"wp:featuredmedia":[{"embeddable":true,"href":"https:\/\/www.acapulcopress.com\/index.php\/wp-json\/"}],"wp:attachment":[{"href":"https:\/\/www.acapulcopress.com\/index.php\/wp-json\/wp\/v2\/media?parent=1233118"}],"wp:term":[{"taxonomy":"category","embeddable":true,"href":"https:\/\/www.acapulcopress.com\/index.php\/wp-json\/wp\/v2\/categories?post=1233118"},{"taxonomy":"post_tag","embeddable":true,"href":"https:\/\/www.acapulcopress.com\/index.php\/wp-json\/wp\/v2\/tags?post=1233118"}],"curies":[{"name":"wp","href":"https:\/\/api.w.org\/{rel}","templated":true}]}}