{"id":1233151,"date":"2021-10-12T18:52:20","date_gmt":"2021-10-12T23:52:20","guid":{"rendered":"https:\/\/www.acapulco.press\/?p=1233151"},"modified":"2021-10-12T18:52:20","modified_gmt":"2021-10-12T23:52:20","slug":"fge-logra-sentencia-de-13-anos-contra-homicida-de-ometepec","status":"publish","type":"post","link":"https:\/\/www.acapulcopress.com\/index.php\/2021\/10\/12\/fge-logra-sentencia-de-13-anos-contra-homicida-de-ometepec\/","title":{"rendered":"FGE logra sentencia de 13 a\u00f1os contra homicida de Ometepec"},"content":{"rendered":"<p style=\"text-align: justify;\">CHILPANCINGO. * 12 de octubre de 2021.<br \/>\n<em>) <a href=\"https:\/\/fiscaliaguerrero.gob.mx\" target=\"_blank\" rel=\"noopener\">https:\/\/fiscaliaguerrero.gob.mx<\/a>.<\/em><\/p>\n<p style=\"text-align: justify;\">El Ministerio P\u00fablico en Ometepec logr\u00f3 la sentencia condenatoria de 13 a\u00f1os de prisi\u00f3n en contra de \u00c9dgar Josu\u00e9 \u00abN\u00bb, como responsable en la comisi\u00f3n del delito de homicidio calificado, al interior de la discoteca bar con raz\u00f3n social \u00abLa Rumba Tropical\u00bb.<\/p>\n<p style=\"text-align: justify;\">El d\u00eda 5 de abril de 2019 la v\u00edctima se encontraba ingiriendo bebidas embriagantes en el lugar, cuando intent\u00f3 bailar con la acompa\u00f1ante del imputado; siendo las 4:00 horas del d\u00eda 6 de abril \u00c9dgar Josu\u00e9 \u00abN\u00bb sali\u00f3 del lugar y regres\u00f3 con un arma de fuego disparando en agravio de la v\u00edctima, provocando perdiera la vida, hechos en la carpeta judicial C-67\/2019.<\/p>\n<p style=\"text-align: justify;\">Despu\u00e9s de llevarse a cabo el procedimiento correspondiente, el Tribunal de Enjuiciamiento penal dict\u00f3 la sentencia condenatoria de 13 a\u00f1os y cuatro meses de prisi\u00f3n en contra de \u00c9dgar Josu\u00e9 \u00abN\u00bb como responsable del delito en menci\u00f3n, condenado a pagar por la reparaci\u00f3n del da\u00f1o y qued\u00f3 interno en el Centro de Reinserci\u00f3n Social de Ometepec, Guerrero.<\/p>\n","protected":false},"excerpt":{"rendered":"<p>CHILPANCINGO. * 12 de octubre de 2021. ) https:\/\/fiscaliaguerrero.gob.mx. El Ministerio P\u00fablico en Ometepec logr\u00f3 la sentencia condenatoria de 13 a\u00f1os de prisi\u00f3n en contra de \u00c9dgar Josu\u00e9 \u00abN\u00bb, como responsable en la comisi\u00f3n del delito de homicidio calificado, al interior de la discoteca bar con raz\u00f3n social \u00abLa Rumba Tropical\u00bb. El d\u00eda 5 de&#8230;<\/p>\n","protected":false},"author":2,"featured_media":1233152,"comment_status":"closed","ping_status":"closed","sticky":false,"template":"","format":"standard","meta":{"footnotes":""},"categories":[1969,2005],"tags":[8703,10946,14737],"class_list":["post-1233151","post","type-post","status-publish","format-standard","has-post-thumbnail","hentry","category-trending","category-seguridad-y-justicia","tag-fiscalia-general-del-estado-de-guerrero-fge","tag-jorge-zuriel-de-los-santos-barrila","tag-policia-ministerial-de-guerrero"],"_links":{"self":[{"href":"https:\/\/www.acapulcopress.com\/index.php\/wp-json\/wp\/v2\/posts\/1233151","targetHints":{"allow":["GET"]}}],"collection":[{"href":"https:\/\/www.acapulcopress.com\/index.php\/wp-json\/wp\/v2\/posts"}],"about":[{"href":"https:\/\/www.acapulcopress.com\/index.php\/wp-json\/wp\/v2\/types\/post"}],"author":[{"embeddable":true,"href":"https:\/\/www.acapulcopress.com\/index.php\/wp-json\/wp\/v2\/users\/2"}],"replies":[{"embeddable":true,"href":"https:\/\/www.acapulcopress.com\/index.php\/wp-json\/wp\/v2\/comments?post=1233151"}],"version-history":[{"count":0,"href":"https:\/\/www.acapulcopress.com\/index.php\/wp-json\/wp\/v2\/posts\/1233151\/revisions"}],"wp:featuredmedia":[{"embeddable":true,"href":"https:\/\/www.acapulcopress.com\/index.php\/wp-json\/"}],"wp:attachment":[{"href":"https:\/\/www.acapulcopress.com\/index.php\/wp-json\/wp\/v2\/media?parent=1233151"}],"wp:term":[{"taxonomy":"category","embeddable":true,"href":"https:\/\/www.acapulcopress.com\/index.php\/wp-json\/wp\/v2\/categories?post=1233151"},{"taxonomy":"post_tag","embeddable":true,"href":"https:\/\/www.acapulcopress.com\/index.php\/wp-json\/wp\/v2\/tags?post=1233151"}],"curies":[{"name":"wp","href":"https:\/\/api.w.org\/{rel}","templated":true}]}}