{"id":1233157,"date":"2021-10-12T19:17:30","date_gmt":"2021-10-13T00:17:30","guid":{"rendered":"https:\/\/www.acapulco.press\/?p=1233157"},"modified":"2021-10-12T19:17:30","modified_gmt":"2021-10-13T00:17:30","slug":"uagro-invita-a-exposicion-colectiva-de-pintores-guerrerenses","status":"publish","type":"post","link":"https:\/\/www.acapulcopress.com\/index.php\/2021\/10\/12\/uagro-invita-a-exposicion-colectiva-de-pintores-guerrerenses\/","title":{"rendered":"#UAGro invita a exposici\u00f3n \u201cColectiva de Pintores Guerrerenses\u201d"},"content":{"rendered":"<p>CHILPANCINGO. * 12 de octubre de 2021.<br \/>\n<em>) UAGro.<\/em><\/p>\n<p style=\"text-align: justify;\">La Universidad Aut\u00f3noma de Guerrero (UAGro) invita a la inauguraci\u00f3n de la exposici\u00f3n \u201cColectiva de Pintores Guerrerenses\u201d, que se efectuar\u00e1 el mi\u00e9rcoles 20 de octubre y en la que participar\u00e1n 85 artistas pl\u00e1sticos de Guerrero, bajo la organizaci\u00f3n del Museo de Arte Contempor\u00e1neo dela\u00a0 #UAGro y el Museo Arqueol\u00f3gico de la Costa Grande.<\/p>\n","protected":false},"excerpt":{"rendered":"<p>CHILPANCINGO. * 12 de octubre de 2021. ) UAGro. La Universidad Aut\u00f3noma de Guerrero (UAGro) invita a la inauguraci\u00f3n de la exposici\u00f3n \u201cColectiva de Pintores Guerrerenses\u201d, que se efectuar\u00e1 el mi\u00e9rcoles 20 de octubre y en la que participar\u00e1n 85 artistas pl\u00e1sticos de Guerrero, bajo la organizaci\u00f3n del Museo de Arte Contempor\u00e1neo dela\u00a0 #UAGro y&#8230;<\/p>\n","protected":false},"author":2,"featured_media":1233146,"comment_status":"closed","ping_status":"closed","sticky":false,"template":"","format":"standard","meta":{"footnotes":""},"categories":[18561,2016],"tags":[2896,6508,10980,13433,13436,17463,17610],"class_list":["post-1233157","post","type-post","status-publish","format-standard","has-post-thumbnail","hentry","category-society-politics","category-uagro-society-politics","tag-uagro-2","tag-consejo-universitario-uagro","tag-jose-alfredo-romero-olea","tag-museo-arqueologico-de-la-costa-grande-guerrero","tag-museo-de-arte-contemporaneo","tag-uagro","tag-universidad-autonoma-de-guerrero-uagro"],"_links":{"self":[{"href":"https:\/\/www.acapulcopress.com\/index.php\/wp-json\/wp\/v2\/posts\/1233157","targetHints":{"allow":["GET"]}}],"collection":[{"href":"https:\/\/www.acapulcopress.com\/index.php\/wp-json\/wp\/v2\/posts"}],"about":[{"href":"https:\/\/www.acapulcopress.com\/index.php\/wp-json\/wp\/v2\/types\/post"}],"author":[{"embeddable":true,"href":"https:\/\/www.acapulcopress.com\/index.php\/wp-json\/wp\/v2\/users\/2"}],"replies":[{"embeddable":true,"href":"https:\/\/www.acapulcopress.com\/index.php\/wp-json\/wp\/v2\/comments?post=1233157"}],"version-history":[{"count":0,"href":"https:\/\/www.acapulcopress.com\/index.php\/wp-json\/wp\/v2\/posts\/1233157\/revisions"}],"wp:featuredmedia":[{"embeddable":true,"href":"https:\/\/www.acapulcopress.com\/index.php\/wp-json\/"}],"wp:attachment":[{"href":"https:\/\/www.acapulcopress.com\/index.php\/wp-json\/wp\/v2\/media?parent=1233157"}],"wp:term":[{"taxonomy":"category","embeddable":true,"href":"https:\/\/www.acapulcopress.com\/index.php\/wp-json\/wp\/v2\/categories?post=1233157"},{"taxonomy":"post_tag","embeddable":true,"href":"https:\/\/www.acapulcopress.com\/index.php\/wp-json\/wp\/v2\/tags?post=1233157"}],"curies":[{"name":"wp","href":"https:\/\/api.w.org\/{rel}","templated":true}]}}