{"id":1233162,"date":"2021-10-12T20:02:28","date_gmt":"2021-10-13T01:02:28","guid":{"rendered":"https:\/\/www.acapulco.press\/?p=1233162"},"modified":"2021-10-12T20:02:28","modified_gmt":"2021-10-13T01:02:28","slug":"juzgado-federal-ordena-vacunar-a-adolescentes-de-12-a-17-anos","status":"publish","type":"post","link":"https:\/\/www.acapulcopress.com\/index.php\/2021\/10\/12\/juzgado-federal-ordena-vacunar-a-adolescentes-de-12-a-17-anos\/","title":{"rendered":"Juzgado federal ordena vacunar a adolescentes de 12 a 17 a\u00f1os"},"content":{"rendered":"<p style=\"text-align: justify;\">CIUDAD DE M\u00c9XICO. * 12 de octubre de 2021.<br \/>\n<em>) <a href=\"https:\/\/politica.expansion.mx\/mexico\/2021\/10\/12\/juez-ordena-vacuna-covid-menores-18-anos\" target=\"_blank\" rel=\"noopener\">Expansi\u00f3n<\/a>.<\/em><\/p>\n<p style=\"text-align: justify;\">El juzgado S\u00e9ptimo de Distrito en Naucalpan, Estado de M\u00e9xico, orden\u00f3 al gobierno federal modificar la Pol\u00edtica Nacional de Vacunaci\u00f3n anti COVID-19 y considerar a todos los menores, incluso a los que no tienen riesgos de enfermar de gravedad.<\/p>\n<p style=\"text-align: justify;\">El subsecretario de Prevenci\u00f3n y Promoci\u00f3n de la Salud, Hugo L\u00f3pez-Gatell, dio a conocer que no han recibido la notificaci\u00f3n oficial de la resoluci\u00f3n, y cuando lo hagan, la analizar\u00e1n, como lo han hecho con los otros amparos que se han interpuesto para que se vacune a menores.<\/p>\n<p style=\"text-align: justify;\">\u201cNo hemos recibido notificaci\u00f3n oficial, cuando la recibamos analizaremos cuidadosamente el caso, por supuesto con el apoyo extraordinario que siempre nos da la Consejera Jur\u00eddica que ahora est\u00e1 aqu\u00ed presente, el secretario de Gobernaci\u00f3n\u201d, dijo en conferencia de prensa matutina en Palacio Nacional.<\/p>\n<p style=\"text-align: justify;\">El funcionario se\u00f1al\u00f3 que la instrucci\u00f3n del presidente Andr\u00e9s Manuel L\u00f3pez Obrador \u201ces clar\u00edsima\u201d y respetan la independencia de los poderes, por lo que acatan las disposiciones del poder Judicial. Asimismo, coment\u00f3 que act\u00faan con una base cient\u00edfica para proteger la salud de todas y todos, que es su prioridad.<\/p>\n<p style=\"text-align: justify;\">La resoluci\u00f3n debe acatarse en 48 horas, y aunque los cambios a la Pol\u00edtica de Vacunaci\u00f3n pueden ser impugnados, su cumplimiento debe ser inmediato en tanto un tribunal colegiado la revisa.<\/p>\n<p style=\"text-align: justify;\">La suspensi\u00f3n fue concedida en un amparo promovido en favor de una ni\u00f1a, pero el juzgado consider\u00f3 que no hay impedimento para que la medida tenga efectos generales, por lo que aplicar\u00eda para todos los mayores de cinco a\u00f1os, que es la edad a partir de la cual est\u00e1 permitido la inmunizaci\u00f3n con Pfizer-BioNTech.<\/p>\n<p style=\"text-align: justify;\">\u00abSe hace hincapi\u00e9 en que los efectos de esta medida cautelar comprenden no solamente a la menor quejosa, sino a todas las y los menores de 18 a\u00f1os\u00bb, se\u00f1ala la resoluci\u00f3n, de acuerdo con (el diario) Reforma.<\/p>\n<p style=\"text-align: justify;\">La aplicaci\u00f3n de las ni\u00f1as, ni\u00f1os y adolescentes de 12 a 17 a\u00f1os deber\u00e1 ser considerada en el calendario de julio de 2021 a marzo de 2022 que actualmente abarca a 49.2 millones de personas considera a la poblaci\u00f3n susceptible a vacunaci\u00f3n y priorizada para tales efectos.<\/p>\n<p style=\"text-align: justify;\">El gobierno federal instruy\u00f3 a vacunar a los menores de 12 a 17 a\u00f1os con comorbilidades que los hacen tener m\u00e1s riesgo de enfermarse de gravedad o morir por el COVID-19. Se estiman alrededor de 1 mill\u00f3n, aunque en el registro que se abri\u00f3 el pasado 1 de octubre, apenas van 23,000, seg\u00fan dijo L\u00f3pez-Gatell.<\/p>\n<p style=\"text-align: justify;\">As\u00ed, la Pol\u00edtica Nacional de Vacunaci\u00f3n solo contempla a la poblaci\u00f3n de m\u00e1s 18 de a\u00f1os y ya incluye a menores de edad de 12 a 17 a\u00f1os como grupo prioritario de vacunaci\u00f3n para aquellos con comorbilidades que aumenten el riesgo de gravedad.<\/p>\n<p style=\"text-align: justify;\">Hasta el momento, solo una vacuna puede ser utilizada en poblaci\u00f3n menor de edad, y en un grupo espec\u00edfico de entre 12 y 17 a\u00f1os, que es la de Pfizer-BioNTech. \u201cNinguna de las vacunas disponibles en M\u00e9xico puede ser utilizada en personas menores de 12 a\u00f1os, por lo que a\u00fan no se contempla una etapa espec\u00edfica para esta poblaci\u00f3n\u201d, dice el documento rector.<\/p>\n","protected":false},"excerpt":{"rendered":"<p>CIUDAD DE M\u00c9XICO. * 12 de octubre de 2021. ) Expansi\u00f3n. El juzgado S\u00e9ptimo de Distrito en Naucalpan, Estado de M\u00e9xico, orden\u00f3 al gobierno federal modificar la Pol\u00edtica Nacional de Vacunaci\u00f3n anti COVID-19 y considerar a todos los menores, incluso a los que no tienen riesgos de enfermar de gravedad. El subsecretario de Prevenci\u00f3n y&#8230;<\/p>\n","protected":false},"author":2,"featured_media":1233163,"comment_status":"closed","ping_status":"closed","sticky":false,"template":"","format":"standard","meta":{"footnotes":""},"categories":[1969,1972,1989],"tags":[6701],"class_list":["post-1233162","post","type-post","status-publish","format-standard","has-post-thumbnail","hentry","category-trending","category-special","category-noticias-generales","tag-covid-19"],"_links":{"self":[{"href":"https:\/\/www.acapulcopress.com\/index.php\/wp-json\/wp\/v2\/posts\/1233162","targetHints":{"allow":["GET"]}}],"collection":[{"href":"https:\/\/www.acapulcopress.com\/index.php\/wp-json\/wp\/v2\/posts"}],"about":[{"href":"https:\/\/www.acapulcopress.com\/index.php\/wp-json\/wp\/v2\/types\/post"}],"author":[{"embeddable":true,"href":"https:\/\/www.acapulcopress.com\/index.php\/wp-json\/wp\/v2\/users\/2"}],"replies":[{"embeddable":true,"href":"https:\/\/www.acapulcopress.com\/index.php\/wp-json\/wp\/v2\/comments?post=1233162"}],"version-history":[{"count":0,"href":"https:\/\/www.acapulcopress.com\/index.php\/wp-json\/wp\/v2\/posts\/1233162\/revisions"}],"wp:featuredmedia":[{"embeddable":true,"href":"https:\/\/www.acapulcopress.com\/index.php\/wp-json\/"}],"wp:attachment":[{"href":"https:\/\/www.acapulcopress.com\/index.php\/wp-json\/wp\/v2\/media?parent=1233162"}],"wp:term":[{"taxonomy":"category","embeddable":true,"href":"https:\/\/www.acapulcopress.com\/index.php\/wp-json\/wp\/v2\/categories?post=1233162"},{"taxonomy":"post_tag","embeddable":true,"href":"https:\/\/www.acapulcopress.com\/index.php\/wp-json\/wp\/v2\/tags?post=1233162"}],"curies":[{"name":"wp","href":"https:\/\/api.w.org\/{rel}","templated":true}]}}