{"id":1233191,"date":"2021-10-13T17:04:30","date_gmt":"2021-10-13T22:04:30","guid":{"rendered":"https:\/\/www.acapulco.press\/?p=1233191"},"modified":"2021-10-13T17:04:30","modified_gmt":"2021-10-13T22:04:30","slug":"gobierno-de-tlapa-invita-al-paseo-del-senor-del-nicho-jueves-14-11-hrs","status":"publish","type":"post","link":"https:\/\/www.acapulcopress.com\/index.php\/2021\/10\/13\/gobierno-de-tlapa-invita-al-paseo-del-senor-del-nicho-jueves-14-11-hrs\/","title":{"rendered":"Gobierno de Tlapa invita al \u00abPaseo del Se\u00f1or del Nicho\u00bb | Jueves 14 \/ 11 hrs."},"content":{"rendered":"<p style=\"text-align: justify;\"><strong>*\u00a0 Adem\u00e1s de danzantes tradicionales, se contar\u00e1 con la presencia del ganador de la Cuarta Generaci\u00f3n de La Academia de Tv Azteca, Erasmo Catarino, int\u00e9rprete de \u00abLa Manzanita\u00bb<\/strong><\/p>\n<p>CHILPANCINGO. * 13 de octubre de 2021.<br \/>\n<em>) Gobierno de Tlapa.<\/em><\/p>\n<p style=\"text-align: justify;\">El Gobierno Municipal de Tlapa de Comonfort, el Instituto de Cultura y Artes, en coordinaci\u00f3n con el Patronato de la Feria, invitan a ser parte del primer Paseo del Se\u00f1or del Nicho, el cual se llevar\u00e1 a cabo el 14 de octubre, a partir de las 11 horas.<\/p>\n<p style=\"text-align: justify;\">Se contar\u00e1 con la presencia de danzas de diferentes municipios del estado de Guerrero, as\u00ed como con la participaci\u00f3n de nuestro cantante Erasmo Catarino.<\/p>\n<p style=\"text-align: justify;\">Recuerden que para poder asistir a esta fiesta, la m\u00e1s grande de la Monta\u00f1a de Guerrero, es obligatorio el uso del cubrebocas. Por parte del \u00e1rea de vectores se sanitizar\u00e1n todos los espacios<\/p>\n<p style=\"text-align: justify;\"><strong>POR QU\u00c9 \u00abSE\u00d1OR DEL NICHO\u00bb<\/strong><\/p>\n<p style=\"text-align: justify;\"><img loading=\"lazy\" decoding=\"async\" class=\"alignnone wp-image-1233192 size-full\" src=\"https:\/\/www.acapulco.press\/wp-content\/uploads\/2021\/10\/pqseo-del-nicho.jpg\" alt=\"\" width=\"828\" height=\"1280\" \/><\/p>\n<p style=\"text-align: justify;\">Se le denomina \u00abPaseo del Se\u00f1or del Nicho de Tlapa\u00bb porque ser\u00e1 el primer recorrido en honor al \u00abSe\u00f1or del Nicho\u00bb, informa el primer presidente municipal de los pueblos originarios, Gilberto Solano Arreaga.<\/p>\n<p>Durante la ceremonia, por primera vez el Ayuntamiento de Tlapa de Comonfort entregar\u00e1 un arco floral con los elementos de la regi\u00f3n de acuerdo a los usos y costumbres, acompa\u00f1ado de m\u00faltiples danzas que llegar\u00e1n de todas partes de nuestro Estado e incluso de otros.<\/p>\n<p style=\"text-align: justify;\">As\u00ed mismo, habr\u00e1 una imagen representativa del \u00abSe\u00f1or del Nicho\u00bb, la cual anunciar\u00e1 su majestuosa fiesta, todo esto para llenar de color y algarab\u00eda la fiesta m\u00e1s grande de nuestro \u00abCoraz\u00f3n de la Monta\u00f1a\u00bb, rese\u00f1a el alcalde.<\/p>\n","protected":false},"excerpt":{"rendered":"<p>*\u00a0 Adem\u00e1s de danzantes tradicionales, se contar\u00e1 con la presencia del ganador de la Cuarta Generaci\u00f3n de La Academia de Tv Azteca, Erasmo Catarino, int\u00e9rprete de \u00abLa Manzanita\u00bb CHILPANCINGO. * 13 de octubre de 2021. ) Gobierno de Tlapa. El Gobierno Municipal de Tlapa de Comonfort, el Instituto de Cultura y Artes, en coordinaci\u00f3n con&#8230;<\/p>\n","protected":false},"author":2,"featured_media":1233006,"comment_status":"closed","ping_status":"closed","sticky":false,"template":"","format":"standard","meta":{"footnotes":""},"categories":[1972,18589,18561],"tags":[],"class_list":["post-1233191","post","type-post","status-publish","format-standard","has-post-thumbnail","hentry","category-special","category-gobierno-de-tlapa","category-society-politics"],"_links":{"self":[{"href":"https:\/\/www.acapulcopress.com\/index.php\/wp-json\/wp\/v2\/posts\/1233191","targetHints":{"allow":["GET"]}}],"collection":[{"href":"https:\/\/www.acapulcopress.com\/index.php\/wp-json\/wp\/v2\/posts"}],"about":[{"href":"https:\/\/www.acapulcopress.com\/index.php\/wp-json\/wp\/v2\/types\/post"}],"author":[{"embeddable":true,"href":"https:\/\/www.acapulcopress.com\/index.php\/wp-json\/wp\/v2\/users\/2"}],"replies":[{"embeddable":true,"href":"https:\/\/www.acapulcopress.com\/index.php\/wp-json\/wp\/v2\/comments?post=1233191"}],"version-history":[{"count":0,"href":"https:\/\/www.acapulcopress.com\/index.php\/wp-json\/wp\/v2\/posts\/1233191\/revisions"}],"wp:featuredmedia":[{"embeddable":true,"href":"https:\/\/www.acapulcopress.com\/index.php\/wp-json\/"}],"wp:attachment":[{"href":"https:\/\/www.acapulcopress.com\/index.php\/wp-json\/wp\/v2\/media?parent=1233191"}],"wp:term":[{"taxonomy":"category","embeddable":true,"href":"https:\/\/www.acapulcopress.com\/index.php\/wp-json\/wp\/v2\/categories?post=1233191"},{"taxonomy":"post_tag","embeddable":true,"href":"https:\/\/www.acapulcopress.com\/index.php\/wp-json\/wp\/v2\/tags?post=1233191"}],"curies":[{"name":"wp","href":"https:\/\/api.w.org\/{rel}","templated":true}]}}