{"id":1233200,"date":"2021-10-13T17:31:00","date_gmt":"2021-10-13T22:31:00","guid":{"rendered":"https:\/\/www.acapulco.press\/?p=1233200"},"modified":"2021-10-13T17:31:00","modified_gmt":"2021-10-13T22:31:00","slug":"fiscalia-guerrero-captura-a-un-agresor-de-chilapa-y-a-un-ladron-en-teloloapan","status":"publish","type":"post","link":"https:\/\/www.acapulcopress.com\/index.php\/2021\/10\/13\/fiscalia-guerrero-captura-a-un-agresor-de-chilapa-y-a-un-ladron-en-teloloapan\/","title":{"rendered":"Fiscal\u00eda Guerrero captura a un agresor de Chilapa y a un ladr\u00f3n en Teloloapan"},"content":{"rendered":"<p>CHILPANCINGO. * 13 de octubre de 2021.<br \/>\n<em>) <a href=\"https:\/\/fiscaliaguerrero.gob.mx\" target=\"_blank\" rel=\"noopener\">https:\/\/fiscaliaguerrero.gob.mx<\/a>.<\/em><\/p>\n<p style=\"text-align: justify;\"><img loading=\"lazy\" decoding=\"async\" class=\"alignleft size-medium wp-image-1233201\" src=\"https:\/\/www.acapulco.press\/wp-content\/uploads\/2021\/10\/fge-saul-375x375.jpg\" alt=\"\" width=\"375\" height=\"375\" \/>Fiscal\u00eda de Guerrero a trav\u00e9s de la Polic\u00eda Investigadora Ministerial de Chilapa de \u00c1lvarez, cumpliment\u00f3 la orden de aprehensi\u00f3n en contra de quien dijo llamarse Urbano \u00abN\u00bb como probable responsable del delito de lesiones en agravio de Nazario \u00abN\u00bb, hechos relacionados con la causa penal 237\/2010-I, quedando a disposici\u00f3n del Juez de Primera Instancia penal del Distrito Judicial de \u00c1lvarez.<\/p>\n<p style=\"text-align: justify;\">En contraparte, la Polic\u00eda Investigadora Ministerial de Teloloapan dio cumplimiento a una orden de aprehensi\u00f3n en contra de quien dijo llamarse Sa\u00fal \u00abN\u00bb como probable responsable del delito de robo calificado, relacionado con la causa penal 98-I\/2007, quedando a disposici\u00f3n del Juez Segundo de Primera Instancia del Distrito Judicial de los Bravo.<\/p>\n","protected":false},"excerpt":{"rendered":"<p>CHILPANCINGO. * 13 de octubre de 2021. ) https:\/\/fiscaliaguerrero.gob.mx. Fiscal\u00eda de Guerrero a trav\u00e9s de la Polic\u00eda Investigadora Ministerial de Chilapa de \u00c1lvarez, cumpliment\u00f3 la orden de aprehensi\u00f3n en contra de quien dijo llamarse Urbano \u00abN\u00bb como probable responsable del delito de lesiones en agravio de Nazario \u00abN\u00bb, hechos relacionados con la causa penal 237\/2010-I,&#8230;<\/p>\n","protected":false},"author":2,"featured_media":1233202,"comment_status":"closed","ping_status":"closed","sticky":false,"template":"","format":"standard","meta":{"footnotes":""},"categories":[1969,2005],"tags":[2565,8703,10946,14737],"class_list":["post-1233200","post","type-post","status-publish","format-standard","has-post-thumbnail","hentry","category-trending","category-seguridad-y-justicia","tag-https-fiscaliaguerrero-gob-mx","tag-fiscalia-general-del-estado-de-guerrero-fge","tag-jorge-zuriel-de-los-santos-barrila","tag-policia-ministerial-de-guerrero"],"_links":{"self":[{"href":"https:\/\/www.acapulcopress.com\/index.php\/wp-json\/wp\/v2\/posts\/1233200","targetHints":{"allow":["GET"]}}],"collection":[{"href":"https:\/\/www.acapulcopress.com\/index.php\/wp-json\/wp\/v2\/posts"}],"about":[{"href":"https:\/\/www.acapulcopress.com\/index.php\/wp-json\/wp\/v2\/types\/post"}],"author":[{"embeddable":true,"href":"https:\/\/www.acapulcopress.com\/index.php\/wp-json\/wp\/v2\/users\/2"}],"replies":[{"embeddable":true,"href":"https:\/\/www.acapulcopress.com\/index.php\/wp-json\/wp\/v2\/comments?post=1233200"}],"version-history":[{"count":0,"href":"https:\/\/www.acapulcopress.com\/index.php\/wp-json\/wp\/v2\/posts\/1233200\/revisions"}],"wp:featuredmedia":[{"embeddable":true,"href":"https:\/\/www.acapulcopress.com\/index.php\/wp-json\/"}],"wp:attachment":[{"href":"https:\/\/www.acapulcopress.com\/index.php\/wp-json\/wp\/v2\/media?parent=1233200"}],"wp:term":[{"taxonomy":"category","embeddable":true,"href":"https:\/\/www.acapulcopress.com\/index.php\/wp-json\/wp\/v2\/categories?post=1233200"},{"taxonomy":"post_tag","embeddable":true,"href":"https:\/\/www.acapulcopress.com\/index.php\/wp-json\/wp\/v2\/tags?post=1233200"}],"curies":[{"name":"wp","href":"https:\/\/api.w.org\/{rel}","templated":true}]}}