{"id":1233207,"date":"2021-10-13T17:43:23","date_gmt":"2021-10-13T22:43:23","guid":{"rendered":"https:\/\/www.acapulco.press\/?p=1233207"},"modified":"2021-10-13T17:43:23","modified_gmt":"2021-10-13T22:43:23","slug":"amlo-anuncia-reapertura-de-frontera-con-estados-unidos-en-noviembre","status":"publish","type":"post","link":"https:\/\/www.acapulcopress.com\/index.php\/2021\/10\/13\/amlo-anuncia-reapertura-de-frontera-con-estados-unidos-en-noviembre\/","title":{"rendered":"AMLO anuncia reapertura de frontera con Estados Unidos en noviembre"},"content":{"rendered":"<p style=\"text-align: justify;\">CIUDAD DE M\u00c9XICO. * 13 de octubre de 2021.<br \/>\n<em>) Gobierno de M\u00e9xico.<br \/>\n<\/em>El presidente Andr\u00e9s Manuel L\u00f3pez Obrador anunci\u00f3 que a partir de noviembre se abrir\u00e1 la frontera norte del pa\u00eds para reactivar las actividades comerciales y econ\u00f3micas, tras el \u00e9xito en las negociaciones con el gobierno de Estados Unidos y el cumplimiento del compromiso de vacunar contra COVID-19 a todas las personas mayores de 18 a\u00f1os habitantes de municipios fronterizos.<\/p>\n<p style=\"text-align: justify;\">\u201cVamos a tener ya normalidad en nuestra frontera norte a partir del d\u00eda 1\u00b0 de noviembre y como complemento, porque esto tiene que ver con las gestiones que ha hecho M\u00e9xico ante el gobierno de Estados Unidos para lograr la apertura de la frontera, (\u2026) la decisi\u00f3n de vacunar en los municipios fronterizos para facilitar el acuerdo\u201d, remarc\u00f3.<\/p>\n<p style=\"text-align: justify;\">El jefe del Ejecutivo enfatiz\u00f3 la importancia de la vacunaci\u00f3n a nivel nacional. Celebr\u00f3 que, de acuerdo con datos de la Secretar\u00eda de Salud, el martes 12 de octubre se aplicaron un mill\u00f3n 25 mil 505 dosis en todo el pa\u00eds.<\/p>\n<p style=\"text-align: justify;\">\u201cEsto es muy importante. Es agradecer a todos los que participan en las brigadas correcaminos, agradecer a soldados, marinos, m\u00e9dicos, enfermeras, promotores, autoridades municipales, a los gobiernos estatales, a todos que ayudan para que la poblaci\u00f3n se proteja con la vacunaci\u00f3n. Vamos avanzando, vamos bien\u201d, apunt\u00f3.<\/p>\n<p style=\"text-align: justify;\">En conferencia de prensa matutina, el secretario de Relaciones Exteriores (SRE), Marcelo Ebrard Casaubon, inform\u00f3 que en los primeros d\u00edas de noviembre se permitir\u00e1n los viajes terrestres y a\u00e9reos a las personas vacunadas.<\/p>\n<p style=\"text-align: justify;\">\u201cLa base de la movilidad global va a ser la vacunaci\u00f3n. (\u2026) Todas las vacunas que apruebe la Organizaci\u00f3n Mundial de la Salud, Estados Unidos las va a aceptar\u201d, enfatiz\u00f3.<\/p>\n<p style=\"text-align: justify;\">El canciller indic\u00f3 que las negociaciones se realizaron con la vicepresidenta de Estados Unidos, Kamala Harris y el secretario adjunto del Departamento de Seguridad Nacional, Alejandro Mayorkas.<\/p>\n<p style=\"text-align: justify;\">Destac\u00f3 que el Gobierno de la Cuarta Transformaci\u00f3n ha logrado establecer una relaci\u00f3n de cercan\u00eda y entendimiento con ese pa\u00eds que \u201cno se ve\u00eda hace muchos a\u00f1os. Yo ayer le agradec\u00eda al secretario Mayorkas, a nombre del presidente de la Rep\u00fablica, que hayan tomado en cuenta este planteamiento de M\u00e9xico, que nos hayan informado sobre su resoluci\u00f3n del d\u00eda de ayer y que hayan aceptado muchas propuestas que hicimos en el camino para lograr esto\u201d.<\/p>\n<p style=\"text-align: justify;\">Adelant\u00f3 que la reapertura de la frontera coincidir\u00e1 con la realizaci\u00f3n del Di\u00e1logo Econ\u00f3mico de Alto Nivel, al inicio de noviembre, a fin de acelerar la actividad econ\u00f3mica en la regi\u00f3n norte de M\u00e9xico.<\/p>\n<p style=\"text-align: justify;\">En 45 municipios fronterizos de Baja California, Sonora, Chihuahua, Coahuila, Nuevo Le\u00f3n y Tamaulipas se aplicaron 3 millones 748 mil 585 dosis, expuso la secretaria de Seguridad y Protecci\u00f3n Ciudadana, Rosa Icela Rodr\u00edguez.<\/p>\n<p style=\"text-align: justify;\">En Baja California, detall\u00f3, recibieron la dosis \u00fanica de la vacuna Janssen un mill\u00f3n 247 mil 998 personas habitantes de los seis municipios fronterizos.<\/p>\n<p style=\"text-align: justify;\">Resalt\u00f3 que al d\u00eda de hoy el 75 por ciento de la poblaci\u00f3n mexicana mayor de 18 a\u00f1os ya cuenta con el esquema completo o al menos la primera dosis, lo cual contribuy\u00f3 a reanudar las actividades en la frontera norte.<\/p>\n<p style=\"text-align: justify;\">\u201cHay que agradecer la participaci\u00f3n de la poblaci\u00f3n mexicana, as\u00ed como la muy buena disposici\u00f3n para el trabajo, la entrega, de todos los trabajadores y voluntarios que han hecho muy buen trabajo. (\u2026) Esto nos ocupa y nos ayuda a la econom\u00eda de nuestros pa\u00edses\u201d, expres\u00f3.<\/p>\n<p style=\"text-align: justify;\">Presidente llama a la OMS a avalar todas las vacunas que demuestran seguridad y eficacia contra COVID-19<\/p>\n<p style=\"text-align: justify;\">El presidente L\u00f3pez Obrador reafirm\u00f3 el exhorto a la Organizaci\u00f3n Mundial de la Salud (OMS) para que avale las vacunas contra COVID-19 de las farmac\u00e9uticas del mundo que han demostrado ser seguras y eficaces.<\/p>\n<p style=\"text-align: justify;\">Dio a conocer que ayer formaliz\u00f3 este llamado a trav\u00e9s de una carta dirigida al director general de la OMS, Tedros Adhanom Ghebreyesus.<\/p>\n<p style=\"text-align: justify;\">Indic\u00f3 que es importante que el organismo internacional apresure los tr\u00e1mites porque las vacunas han salvado vidas, incluso las que ya se aplican sin certificaci\u00f3n de la OMS y hasta este d\u00eda no tienen reporte de da\u00f1os a las personas que las recibieron.<\/p>\n<p style=\"text-align: justify;\">\u201cLa Organizaci\u00f3n Mundial de la Salud tiene que actuar con rectitud, sin tendencias pol\u00edticas o ideol\u00f3gicas, con apego a la ciencia\u201d, subray\u00f3.<\/p>\n","protected":false},"excerpt":{"rendered":"<p>CIUDAD DE M\u00c9XICO. * 13 de octubre de 2021. ) Gobierno de M\u00e9xico. El presidente Andr\u00e9s Manuel L\u00f3pez Obrador anunci\u00f3 que a partir de noviembre se abrir\u00e1 la frontera norte del pa\u00eds para reactivar las actividades comerciales y econ\u00f3micas, tras el \u00e9xito en las negociaciones con el gobierno de Estados Unidos y el cumplimiento del&#8230;<\/p>\n","protected":false},"author":2,"featured_media":1233208,"comment_status":"closed","ping_status":"closed","sticky":false,"template":"","format":"standard","meta":{"footnotes":""},"categories":[1969,1972,1989],"tags":[3896,6701,8970,12448,14033,16237],"class_list":["post-1233207","post","type-post","status-publish","format-standard","has-post-thumbnail","hentry","category-trending","category-special","category-noticias-generales","tag-andres-manuel-lopez-obrador","tag-covid-19","tag-frontera-mexico-usa","tag-marcelo-ebrard-casaubon","tag-organizacion-mundial-de-la-salud-oms","tag-secretaria-de-relaciones-exteriores-sre"],"_links":{"self":[{"href":"https:\/\/www.acapulcopress.com\/index.php\/wp-json\/wp\/v2\/posts\/1233207","targetHints":{"allow":["GET"]}}],"collection":[{"href":"https:\/\/www.acapulcopress.com\/index.php\/wp-json\/wp\/v2\/posts"}],"about":[{"href":"https:\/\/www.acapulcopress.com\/index.php\/wp-json\/wp\/v2\/types\/post"}],"author":[{"embeddable":true,"href":"https:\/\/www.acapulcopress.com\/index.php\/wp-json\/wp\/v2\/users\/2"}],"replies":[{"embeddable":true,"href":"https:\/\/www.acapulcopress.com\/index.php\/wp-json\/wp\/v2\/comments?post=1233207"}],"version-history":[{"count":0,"href":"https:\/\/www.acapulcopress.com\/index.php\/wp-json\/wp\/v2\/posts\/1233207\/revisions"}],"wp:featuredmedia":[{"embeddable":true,"href":"https:\/\/www.acapulcopress.com\/index.php\/wp-json\/"}],"wp:attachment":[{"href":"https:\/\/www.acapulcopress.com\/index.php\/wp-json\/wp\/v2\/media?parent=1233207"}],"wp:term":[{"taxonomy":"category","embeddable":true,"href":"https:\/\/www.acapulcopress.com\/index.php\/wp-json\/wp\/v2\/categories?post=1233207"},{"taxonomy":"post_tag","embeddable":true,"href":"https:\/\/www.acapulcopress.com\/index.php\/wp-json\/wp\/v2\/tags?post=1233207"}],"curies":[{"name":"wp","href":"https:\/\/api.w.org\/{rel}","templated":true}]}}