{"id":1233214,"date":"2021-10-13T18:31:29","date_gmt":"2021-10-13T23:31:29","guid":{"rendered":"https:\/\/www.acapulco.press\/?p=1233214"},"modified":"2021-10-13T18:31:29","modified_gmt":"2021-10-13T23:31:29","slug":"derbez-persona-non-grata-en-acapulco","status":"publish","type":"post","link":"https:\/\/www.acapulcopress.com\/index.php\/2021\/10\/13\/derbez-persona-non-grata-en-acapulco\/","title":{"rendered":"Derbez, &#8216;persona non grata&#8217; en Acapulco"},"content":{"rendered":"<p style=\"text-align: justify;\">\u00bb<strong> \u00c1ngel Blanco<\/strong><br \/>\nACAPULCO. * 13 de octubre de 2021.<br \/>\n<em>) Acapulco Press.\u00a0<\/em><br \/>\nV\u00e1ndalos e inconformes le ahorraron el trabajo a Yair Garc\u00eda Delgado, director del Instituto Municipal de Planeaci\u00f3n, quien hab\u00eda asegurado que si la sociedad lo solicita de manera formal, la estatua de Eugenio Derbez, develada frente al populoso hotel <em>El <img loading=\"lazy\" decoding=\"async\" class=\"alignleft size-medium wp-image-1233217\" src=\"https:\/\/www.acapulco.press\/wp-content\/uploads\/2021\/10\/derbez3-375x298.jpg\" alt=\"\" width=\"375\" height=\"298\" \/>Cano<\/em>, el pasado 9 de octubre, por la Comisi\u00f3n de Infraestructura Carretera y Aeroportuaria del Estado de Guerrero (CICAEG), ser\u00eda removida.<\/p>\n<p style=\"text-align: justify;\">Tras de ser inaugurada por el director de CICAEG, Javier Taja Ram\u00edrez, la efigie del comediante mexicano que hab\u00eda sido contratado por la Secretar\u00eda de Turismo de Guerrero como el rostro de Acapulco, recibi\u00f3 duras cr\u00edticas en redes sociales, principalmente porque en nada representaba a los acapulque\u00f1os, a quienes nunca ha beneficiado en nada.<\/p>\n<p style=\"text-align: justify;\">Horas m\u00e1s tarde de su develaci\u00f3n, la estatua fue vandalizada y cubierta con bolsas de pl\u00e1stico y cinta gris que cubrieron de pie a cabeza la estatua, adem\u00e1s de la placa conmemorativa situado a sus pies.<\/p>\n<p style=\"text-align: justify;\">Fue entonces que Yair Garc\u00eda asegur\u00f3, en entrevista, que si la sociedad lo solicita de manera formal, dicha escultura ser\u00e1 retirada conforme a lo establece\u00a0la Ley 444 para la Protecci\u00f3n del Patrimonio Cultural y Natural del Estado y los Municipios de Guerrero, que indica que para ponerle nombres de personas a ubicaciones en el estado, es indispensable que estos hayan destacado por sus actos a nivel local, nacional o internacional en la cultura, educaci\u00f3n, ciencia, tecnolog\u00eda o deporte, tomando en cuenta el sentir de los ciudadanos.<\/p>\n<p style=\"text-align: justify;\">Sin embargo, no hubo necesidad de consultar a la ciudadan\u00eda ni apelar a la ley:\u00a0las propias autoridades locales procedieron a removerla de su sitio. Hasta el momento, no hay reportes de reubicaci\u00f3n o destino de la efigie.<\/p>\n<p style=\"text-align: justify;\">Eugenio Derbez no ha hecho comentario alguno, al respecto, quiz\u00e1 en reconocimiento que no es tan grato, como pensaba, en Acapulco, donde durante la contingencia de los huracanes <em>Ingrid<\/em> y<em> Manuel<\/em> en 2013 hab\u00eda anunciado la donaci\u00f3n del primer d\u00eda de estreno de su pel\u00edcula \u00abNo se aceptan devoluciones\u00bb&#8230; pero jam\u00e1s hubo noticia de que este gesto halla ocurrido.<br \/>\n<strong>www.acapulco.press<\/strong><\/p>\n","protected":false},"excerpt":{"rendered":"<p>\u00bb \u00c1ngel Blanco ACAPULCO. * 13 de octubre de 2021. ) Acapulco Press.\u00a0 V\u00e1ndalos e inconformes le ahorraron el trabajo a Yair Garc\u00eda Delgado, director del Instituto Municipal de Planeaci\u00f3n, quien hab\u00eda asegurado que si la sociedad lo solicita de manera formal, la estatua de Eugenio Derbez, develada frente al populoso hotel El Cano, el&#8230;<\/p>\n","protected":false},"author":2,"featured_media":1233215,"comment_status":"closed","ping_status":"closed","sticky":false,"template":"","format":"standard","meta":{"footnotes":""},"categories":[1972,1988,1994,1997],"tags":[6104,8217,10648,13704],"class_list":["post-1233214","post","type-post","status-publish","format-standard","has-post-thumbnail","hentry","category-special","category-lifestyles","category-personalidades","category-noticias-destacadas","tag-comision-de-infraestructura-carretera-y-aeroportuaria-del-estado-de-guerrero-cicaeg","tag-eugenio-derbez","tag-javier-taja-ramirez","tag-no-se-aceptan-devoluciones"],"_links":{"self":[{"href":"https:\/\/www.acapulcopress.com\/index.php\/wp-json\/wp\/v2\/posts\/1233214","targetHints":{"allow":["GET"]}}],"collection":[{"href":"https:\/\/www.acapulcopress.com\/index.php\/wp-json\/wp\/v2\/posts"}],"about":[{"href":"https:\/\/www.acapulcopress.com\/index.php\/wp-json\/wp\/v2\/types\/post"}],"author":[{"embeddable":true,"href":"https:\/\/www.acapulcopress.com\/index.php\/wp-json\/wp\/v2\/users\/2"}],"replies":[{"embeddable":true,"href":"https:\/\/www.acapulcopress.com\/index.php\/wp-json\/wp\/v2\/comments?post=1233214"}],"version-history":[{"count":0,"href":"https:\/\/www.acapulcopress.com\/index.php\/wp-json\/wp\/v2\/posts\/1233214\/revisions"}],"wp:featuredmedia":[{"embeddable":true,"href":"https:\/\/www.acapulcopress.com\/index.php\/wp-json\/"}],"wp:attachment":[{"href":"https:\/\/www.acapulcopress.com\/index.php\/wp-json\/wp\/v2\/media?parent=1233214"}],"wp:term":[{"taxonomy":"category","embeddable":true,"href":"https:\/\/www.acapulcopress.com\/index.php\/wp-json\/wp\/v2\/categories?post=1233214"},{"taxonomy":"post_tag","embeddable":true,"href":"https:\/\/www.acapulcopress.com\/index.php\/wp-json\/wp\/v2\/tags?post=1233214"}],"curies":[{"name":"wp","href":"https:\/\/api.w.org\/{rel}","templated":true}]}}