{"id":1233224,"date":"2021-09-27T19:05:30","date_gmt":"2021-09-28T00:05:30","guid":{"rendered":"https:\/\/www.acapulco.press\/?p=1233224"},"modified":"2021-09-27T19:05:30","modified_gmt":"2021-09-28T00:05:30","slug":"rinde-protesta-jose-alfredo-romero-como-rector-de-la-uagro","status":"publish","type":"post","link":"https:\/\/www.acapulcopress.com\/index.php\/2021\/09\/27\/rinde-protesta-jose-alfredo-romero-como-rector-de-la-uagro\/","title":{"rendered":"Rinde protesta Jos\u00e9 Alfredo Romero como rector de la UAGro"},"content":{"rendered":"<p style=\"text-align: justify;\">CHILPANCINGO. * 27 de septiembre de 2021.<br \/>\n<em>) UAGro.<\/em><\/p>\n<p style=\"text-align: justify;\">El Dr. Jos\u00e9 Alfredo Romero Olea tom\u00f3 protesta como rector de la Universidad Aut\u00f3noma de Guerrero por el periodo comprendido del 27 de septiembre del 2021 al 27 de septiembre del 2023 y en su primer mensaje, ratific\u00f3 que su rectorado ser\u00e1 incluyente, propositivo, impulsor de consensos y de puertas abiertas al di\u00e1logo.<\/p>\n<p style=\"text-align: justify;\"><img loading=\"lazy\" decoding=\"async\" class=\"alignleft size-medium wp-image-1233227\" src=\"https:\/\/www.acapulco.press\/wp-content\/uploads\/2021\/10\/ALFREDO-ROMERO3-375x246.jpg\" alt=\"\" width=\"375\" height=\"246\" \/>Por las condiciones epidemiol\u00f3gicas en el estado, la sesi\u00f3n del H. Consejo Universitario se realiz\u00f3 de manera virtual, en la que estuvieron presentes como invitados especiales el gobernador, H\u00e9ctor Astudillo Flores; la gobernadora electa, Evelyn Salgado Pineda; la Directora General de Educaci\u00f3n Superior Universitaria e Intercultural de la SEP, Carmen Enedina Rodr\u00edguez Armenta; el subsecretario de Nivel Superior de la SEP, Luciano Concheiro B\u00f3rquez, as\u00ed como funcionarios del Gobierno Estatal, diputados, ex rectores, consejeros universitarios y estudiantes.<\/p>\n<p style=\"text-align: justify;\">Despu\u00e9s de tomar protesta, en su mensaje Romero Olea se comprometi\u00f3 a defender los derechos de los universitarios e indic\u00f3 <img loading=\"lazy\" decoding=\"async\" class=\"alignleft size-medium wp-image-1233226\" src=\"https:\/\/www.acapulco.press\/wp-content\/uploads\/2021\/10\/ALFREDO-ROMERO2-375x246.jpg\" alt=\"\" width=\"375\" height=\"246\" \/>que su principal responsabilidad ser\u00e1 \u201cacrecentar nuestra capacidad cient\u00edfica, intelectual y patrimonial que garantice educaci\u00f3n de calidad a las pr\u00f3ximas generaciones, principalmente a los m\u00e1s pobres y desprotegidos\u201d.<\/p>\n<p style=\"text-align: justify;\">El rector de la m\u00e1xima casa de estudios exhort\u00f3 a los 90 mil universitarios para construir una agenda que est\u00e9 acorde de las tendencias globales de educaci\u00f3n superior y \u201cque responda a los desaf\u00edos nacionales y estatales de la transformaci\u00f3n\u201d.<\/p>\n<p style=\"text-align: justify;\">Romero Olea tambi\u00e9n pidi\u00f3 a los profesores y funcionarios de la instituci\u00f3n \u201cque nos alineamos a los estatutos del Plan de Trabajo 2021-2023, y principalmente que en este periodo \u201cnos enfoquemos a mejorar la calidad acad\u00e9mica, que sea capaz de responder a las expectativas de nuestro estado de Guerrero; yo les reitero mi compromiso y lealtad a la UAGro.<\/p>\n<p style=\"text-align: justify;\">En su mensaje, el gobernador, H\u00e9ctor Astudillo Flores dese\u00f3 a Romero Olea mucha suerte en su encomienda al frente de la UAGro: \u201cque le vaya muy bien, que sea un buen rector, que siga actuando con esa sensibilidad y atenci\u00f3n. Yo refrendo mi compromiso con la universidad y en estos 6 a\u00f1os siempre trat\u00e9 de cumplir para apoyarla; fue muy grato trabajar de la mano con la universidad y le deseo que le vaya muy bien\u201d.<\/p>\n<p style=\"text-align: justify;\">Por su parte la gobernadora electa, Evelyn Salgado Pineda puntualiz\u00f3 que la m\u00e1xima casa de estudios es y ser\u00e1 aliada para el desarrollo integral del estado, por ello \u201creiterar el apoyo del gobierno, de este gobierno de la Cuarta Transformaci\u00f3n hacia la noble Universidad Aut\u00f3noma de Guerrero en un marco de respeto a la autonom\u00eda como siempre lo he manifestado\u201d.<\/p>\n<p style=\"text-align: justify;\">Tambi\u00e9n la Directora General de Educaci\u00f3n Superior Universitaria e Intercultural de la SEP, Carmen Enedina Rodr\u00edguez Armenta se sum\u00f3 a los buenos augurios para el Romero Olea porque \u201cla UAGro es una instituci\u00f3n que ha sabido implementar estrategias para mantener la estabilidad financiera y es menester que contin\u00faen por este camino; sin duda la UAGro es una instituci\u00f3n s\u00f3lida y congruente, y merece seguir en ese camino\u201d.<\/p>\n<p style=\"text-align: justify;\">Finalmente, el subsecretario de Educaci\u00f3n Superior, Luciano Concheiro B\u00f3rquez dijo que la Universidad Aut\u00f3noma de Guerrero es una instituci\u00f3n p\u00fablica con una fuerte presencia social y l\u00edder en la regi\u00f3n Centro Sur del pa\u00eds y \u201cestamos seguros que el Dr. Jos\u00e9 Alfredo Romero Olea consolidar\u00e1 este proceso de transformaci\u00f3n y nosotros desde la Subsecretar\u00eda de Educaci\u00f3n Superior estaremos acompa\u00f1\u00e1ndolo permanentemente con total respeto a la autonom\u00eda universitaria\u201d.<\/p>\n","protected":false},"excerpt":{"rendered":"<p>CHILPANCINGO. * 27 de septiembre de 2021. ) UAGro. El Dr. Jos\u00e9 Alfredo Romero Olea tom\u00f3 protesta como rector de la Universidad Aut\u00f3noma de Guerrero por el periodo comprendido del 27 de septiembre del 2021 al 27 de septiembre del 2023 y en su primer mensaje, ratific\u00f3 que su rectorado ser\u00e1 incluyente, propositivo, impulsor de&#8230;<\/p>\n","protected":false},"author":2,"featured_media":1233225,"comment_status":"closed","ping_status":"closed","sticky":false,"template":"","format":"standard","meta":{"footnotes":""},"categories":[18561,2016],"tags":[2896,6508,10980,17463,17610],"class_list":["post-1233224","post","type-post","status-publish","format-standard","has-post-thumbnail","hentry","category-society-politics","category-uagro-society-politics","tag-uagro-2","tag-consejo-universitario-uagro","tag-jose-alfredo-romero-olea","tag-uagro","tag-universidad-autonoma-de-guerrero-uagro"],"_links":{"self":[{"href":"https:\/\/www.acapulcopress.com\/index.php\/wp-json\/wp\/v2\/posts\/1233224","targetHints":{"allow":["GET"]}}],"collection":[{"href":"https:\/\/www.acapulcopress.com\/index.php\/wp-json\/wp\/v2\/posts"}],"about":[{"href":"https:\/\/www.acapulcopress.com\/index.php\/wp-json\/wp\/v2\/types\/post"}],"author":[{"embeddable":true,"href":"https:\/\/www.acapulcopress.com\/index.php\/wp-json\/wp\/v2\/users\/2"}],"replies":[{"embeddable":true,"href":"https:\/\/www.acapulcopress.com\/index.php\/wp-json\/wp\/v2\/comments?post=1233224"}],"version-history":[{"count":0,"href":"https:\/\/www.acapulcopress.com\/index.php\/wp-json\/wp\/v2\/posts\/1233224\/revisions"}],"wp:featuredmedia":[{"embeddable":true,"href":"https:\/\/www.acapulcopress.com\/index.php\/wp-json\/"}],"wp:attachment":[{"href":"https:\/\/www.acapulcopress.com\/index.php\/wp-json\/wp\/v2\/media?parent=1233224"}],"wp:term":[{"taxonomy":"category","embeddable":true,"href":"https:\/\/www.acapulcopress.com\/index.php\/wp-json\/wp\/v2\/categories?post=1233224"},{"taxonomy":"post_tag","embeddable":true,"href":"https:\/\/www.acapulcopress.com\/index.php\/wp-json\/wp\/v2\/tags?post=1233224"}],"curies":[{"name":"wp","href":"https:\/\/api.w.org\/{rel}","templated":true}]}}