{"id":1233233,"date":"2021-09-18T19:28:02","date_gmt":"2021-09-19T00:28:02","guid":{"rendered":"https:\/\/www.acapulco.press\/?p=1233233"},"modified":"2021-09-18T19:28:02","modified_gmt":"2021-09-19T00:28:02","slug":"uagro-sera-aliada-del-gobierno-de-evelyn-salgado-romero-olea","status":"publish","type":"post","link":"https:\/\/www.acapulcopress.com\/index.php\/2021\/09\/18\/uagro-sera-aliada-del-gobierno-de-evelyn-salgado-romero-olea\/","title":{"rendered":"UAGro ser\u00e1 aliada del gobierno de Evelyn Salgado | Romero Olea"},"content":{"rendered":"<p style=\"text-align: justify;\">CHILPANCINGO. * 18 de septiembre de 2021.<br \/>\n<em>) UAGro.<\/em><\/p>\n<p style=\"text-align: justify;\">El rector de la Universidad Aut\u00f3noma de Guerrero (UAG), Jos\u00e9 Alfredo Romero Olea, se reuni\u00f3 con la gobernadora electa Evelyn Salgado Pineda, y le manifest\u00f3 que la UAGro ser\u00e1 una aliada del pr\u00f3ximo gobierno.<\/p>\n<p>En respuesta, la gobernadora electa le indic\u00f3 que su gobierno ser\u00e1 respetuoso de la autonom\u00eda universitaria.<\/p>\n<p style=\"text-align: justify;\">El rector inform\u00f3 que la reuni\u00f3n fue para invitar a Salgado Pineda a su toma de protesta, el 27 de septiembre en Rector\u00eda, y para presentarle un diagn\u00f3stico de la UAGro en torno a su desarrollo, sus indicadores acad\u00e9micos en nivel preparatorias, licenciatura y posgrados, pues a la\u00a0gobernadora electa le interesa que UAGro se mantenga una instituci\u00f3n cumplidora, elevando la calidad acad\u00e9mica y al servicio de la comunidad universitaria.<\/p>\n","protected":false},"excerpt":{"rendered":"<p>CHILPANCINGO. * 18 de septiembre de 2021. ) UAGro. El rector de la Universidad Aut\u00f3noma de Guerrero (UAG), Jos\u00e9 Alfredo Romero Olea, se reuni\u00f3 con la gobernadora electa Evelyn Salgado Pineda, y le manifest\u00f3 que la UAGro ser\u00e1 una aliada del pr\u00f3ximo gobierno. En respuesta, la gobernadora electa le indic\u00f3 que su gobierno ser\u00e1 respetuoso&#8230;<\/p>\n","protected":false},"author":2,"featured_media":1233234,"comment_status":"closed","ping_status":"closed","sticky":false,"template":"","format":"standard","meta":{"footnotes":""},"categories":[18561,2016],"tags":[2896,6508,8251,10980,17463,17610],"class_list":["post-1233233","post","type-post","status-publish","format-standard","has-post-thumbnail","hentry","category-society-politics","category-uagro-society-politics","tag-uagro-2","tag-consejo-universitario-uagro","tag-evelyn-salgado-pineda","tag-jose-alfredo-romero-olea","tag-uagro","tag-universidad-autonoma-de-guerrero-uagro"],"_links":{"self":[{"href":"https:\/\/www.acapulcopress.com\/index.php\/wp-json\/wp\/v2\/posts\/1233233","targetHints":{"allow":["GET"]}}],"collection":[{"href":"https:\/\/www.acapulcopress.com\/index.php\/wp-json\/wp\/v2\/posts"}],"about":[{"href":"https:\/\/www.acapulcopress.com\/index.php\/wp-json\/wp\/v2\/types\/post"}],"author":[{"embeddable":true,"href":"https:\/\/www.acapulcopress.com\/index.php\/wp-json\/wp\/v2\/users\/2"}],"replies":[{"embeddable":true,"href":"https:\/\/www.acapulcopress.com\/index.php\/wp-json\/wp\/v2\/comments?post=1233233"}],"version-history":[{"count":0,"href":"https:\/\/www.acapulcopress.com\/index.php\/wp-json\/wp\/v2\/posts\/1233233\/revisions"}],"wp:featuredmedia":[{"embeddable":true,"href":"https:\/\/www.acapulcopress.com\/index.php\/wp-json\/"}],"wp:attachment":[{"href":"https:\/\/www.acapulcopress.com\/index.php\/wp-json\/wp\/v2\/media?parent=1233233"}],"wp:term":[{"taxonomy":"category","embeddable":true,"href":"https:\/\/www.acapulcopress.com\/index.php\/wp-json\/wp\/v2\/categories?post=1233233"},{"taxonomy":"post_tag","embeddable":true,"href":"https:\/\/www.acapulcopress.com\/index.php\/wp-json\/wp\/v2\/tags?post=1233233"}],"curies":[{"name":"wp","href":"https:\/\/api.w.org\/{rel}","templated":true}]}}