{"id":1233239,"date":"2021-09-13T19:57:27","date_gmt":"2021-09-14T00:57:27","guid":{"rendered":"https:\/\/www.acapulco.press\/?p=1233239"},"modified":"2021-09-13T19:57:27","modified_gmt":"2021-09-14T00:57:27","slug":"inaugura-romero-olea-ciclo-escolar-virtual-de-uagro","status":"publish","type":"post","link":"https:\/\/www.acapulcopress.com\/index.php\/2021\/09\/13\/inaugura-romero-olea-ciclo-escolar-virtual-de-uagro\/","title":{"rendered":"Inaugura Romero Olea ciclo escolar virtual de UAGro"},"content":{"rendered":"<p style=\"text-align: justify;\">CHILPANCINGO. * 13 de septiembre de 2021.<br \/>\n<em>) UAGro.<\/em><\/p>\n<p style=\"text-align: justify;\">El rector de la Universidad Aut\u00f3noma de Guerrero, Jos\u00e9 Alfredo Romero Olea inaugur\u00f3 el ciclo escolar 2021-2022 que por las condiciones epidemiol\u00f3gicas en el estado a causa del Covid-19, se mantendr\u00e1 de manera virtual en todas las escuelas preparatorias y facultades de la m\u00e1xima casa de estudios.<\/p>\n<p style=\"text-align: justify;\"><img loading=\"lazy\" decoding=\"async\" class=\"alignleft size-medium wp-image-1233240\" src=\"https:\/\/www.acapulco.press\/wp-content\/uploads\/2021\/10\/UAGRO-CICLO-ESCOLAR-VIRTUAL-375x236.jpg\" alt=\"\" width=\"375\" height=\"236\" \/>En una sesi\u00f3n virtual, Romero Olea; tambi\u00e9n reconoci\u00f3 el trabajo que han desempe\u00f1ado principalmente los profesores que se adaptaron en muy poco tiempo a las clases virtuales \u201cpara que la universidad no se detuviera\u201d; tambi\u00e9n reiter\u00f3 el llamado de unidad para todos los universitarios \u201cnos mantengamos en una ruta de unidad que le ayude a la instituci\u00f3n a salir adelante\u201d.<\/p>\n<p style=\"text-align: justify;\">El rector indic\u00f3 que desde marzo del a\u00f1o pasado la UAGro \u201cha sabido responder a los retos que la pandemia no ha planteado, hemos mejorado en muchos aspectos, no fue f\u00e1cil pero los profesores, administrativos y funcionarios han estado a la altura y dando la cara por la instituci\u00f3n\u201d.<\/p>\n<p style=\"text-align: justify;\">Jos\u00e9 Alfredo Romero Olea inform\u00f3 que hasta el momento, las clases permanecer\u00e1n en modalidad virtual y depende de las condiciones epidemiol\u00f3gicas que indiquen las autoridades estatales y federales de salud para regresar a las aulas:<\/p>\n<p style=\"text-align: justify;\">\u201cEsperemos que en un mediano plazo volvamos a encontrarnos presentes en las aulas, yo entiendo que no es lo mismo como si estuvi\u00e9ramos de forma presencial, pero tenemos que adaptarnos, les pido a todos que sigamos juntos, poniendo mucho esfuerzo, mejorando por el bien del pueblo de Guerrero\u201d, puntualiz\u00f3.<\/p>\n<p style=\"text-align: justify;\">Previo a la inauguraci\u00f3n del ciclo escolar 2021-2022, Jos\u00e9 Alfredo Romero Olea fue el rector anfitri\u00f3n en la apertura de la Licenciatura Interinstitucional en Educaci\u00f3n Inicial y Gesti\u00f3n de Instituciones, un nuevo programa educativo promueve el Gobierno de M\u00e9xico y se implementar\u00e1 este semestre en 16 universidades p\u00fablicas del pa\u00eds simult\u00e1neamente, entre ellas la UAGro.<\/p>\n<p style=\"text-align: justify;\">El subsecretario de Educaci\u00f3n Superior, Luciano Concheiro B\u00f3rquez inaugur\u00f3 el arranque de la nueva licenciatura y felicit\u00f3 a la UAGro por ser una de las universidades pioneras que pondr\u00e1 en marcha al nuevo programa que encabeza la Universidad Aut\u00f3noma de Tlaxcala conjuntamente con 15 universidades m\u00e1s.<\/p>\n<p style=\"text-align: justify;\">Por otra parte, en el marco del octavo aniversario del Sistema de Universidad Virtual, Romero Olea tambi\u00e9n inaugur\u00f3 el ciclo escolar de la Licenciatura en Gesti\u00f3n del Capital Humano y as\u00ed como la Licenciatura en Parter\u00eda Profesional, que se imparte en coordinaci\u00f3n con la Unidad de Parter\u00eda \u201cAlameda Chilpancingo\u201d, de la Secretar\u00eda de Salud Guerrero.<\/p>\n","protected":false},"excerpt":{"rendered":"<p>CHILPANCINGO. * 13 de septiembre de 2021. ) UAGro. El rector de la Universidad Aut\u00f3noma de Guerrero, Jos\u00e9 Alfredo Romero Olea inaugur\u00f3 el ciclo escolar 2021-2022 que por las condiciones epidemiol\u00f3gicas en el estado a causa del Covid-19, se mantendr\u00e1 de manera virtual en todas las escuelas preparatorias y facultades de la m\u00e1xima casa de&#8230;<\/p>\n","protected":false},"author":2,"featured_media":1233240,"comment_status":"closed","ping_status":"closed","sticky":false,"template":"","format":"standard","meta":{"footnotes":""},"categories":[18561,2016],"tags":[10980,17463,17610],"class_list":["post-1233239","post","type-post","status-publish","format-standard","has-post-thumbnail","hentry","category-society-politics","category-uagro-society-politics","tag-jose-alfredo-romero-olea","tag-uagro","tag-universidad-autonoma-de-guerrero-uagro"],"_links":{"self":[{"href":"https:\/\/www.acapulcopress.com\/index.php\/wp-json\/wp\/v2\/posts\/1233239","targetHints":{"allow":["GET"]}}],"collection":[{"href":"https:\/\/www.acapulcopress.com\/index.php\/wp-json\/wp\/v2\/posts"}],"about":[{"href":"https:\/\/www.acapulcopress.com\/index.php\/wp-json\/wp\/v2\/types\/post"}],"author":[{"embeddable":true,"href":"https:\/\/www.acapulcopress.com\/index.php\/wp-json\/wp\/v2\/users\/2"}],"replies":[{"embeddable":true,"href":"https:\/\/www.acapulcopress.com\/index.php\/wp-json\/wp\/v2\/comments?post=1233239"}],"version-history":[{"count":0,"href":"https:\/\/www.acapulcopress.com\/index.php\/wp-json\/wp\/v2\/posts\/1233239\/revisions"}],"wp:featuredmedia":[{"embeddable":true,"href":"https:\/\/www.acapulcopress.com\/index.php\/wp-json\/"}],"wp:attachment":[{"href":"https:\/\/www.acapulcopress.com\/index.php\/wp-json\/wp\/v2\/media?parent=1233239"}],"wp:term":[{"taxonomy":"category","embeddable":true,"href":"https:\/\/www.acapulcopress.com\/index.php\/wp-json\/wp\/v2\/categories?post=1233239"},{"taxonomy":"post_tag","embeddable":true,"href":"https:\/\/www.acapulcopress.com\/index.php\/wp-json\/wp\/v2\/tags?post=1233239"}],"curies":[{"name":"wp","href":"https:\/\/api.w.org\/{rel}","templated":true}]}}