{"id":1233262,"date":"2021-09-27T21:05:10","date_gmt":"2021-09-28T02:05:10","guid":{"rendered":"https:\/\/www.acapulco.press\/?p=1233262"},"modified":"2021-09-27T21:05:10","modified_gmt":"2021-09-28T02:05:10","slug":"gobernador-pide-a-uagro-sumarse-al-regreso-de-clases-presenciales","status":"publish","type":"post","link":"https:\/\/www.acapulcopress.com\/index.php\/2021\/09\/27\/gobernador-pide-a-uagro-sumarse-al-regreso-de-clases-presenciales\/","title":{"rendered":"Gobernador pide a UAGro sumarse al regreso de clases presenciales"},"content":{"rendered":"<p style=\"text-align: justify;\">CHILPANCINGO. * 27 de septiembre de 2021.<br \/>\n<em>) UAGro.<\/em><\/p>\n<p style=\"text-align: justify;\">El gobernador H\u00e9ctor Astudillo Flores pidi\u00f3 al rector de la UAGro, Jos\u00e9 Alfredo Romero Olea, a sumarse al regreso a clases presenciales el pr\u00f3ximo lunes 4 de octubre.<\/p>\n<p style=\"text-align: justify;\">Durante su conferencia virtual para hablar sobre temas de seguridad, salud y Covid19, el mandatario dijo que la UUAGro fue la primera instituci\u00f3n que en marzo de 2020 report\u00f3 casos de Covid 19 en Guerrero y, desde esa fecha suspendi\u00f3 clases presenciales y que, incluso, el Consejo Universitario acord\u00f3 este a\u00f1o suspender el proceso electoral y ampliar por dos a\u00f1os m\u00e1s el periodo de Jos\u00e9 Alfredo Romero Olea como rector.<\/p>\n<p style=\"text-align: justify;\">Lo anterior fue manifestado por Astudillo Flores previo a la toma de protesta a Jos\u00e9 Alfredo Romero Olea como rector de la Universidad Aut\u00f3noma de Guerrero para el periodo del 27 de septiembre del 2021 al 27 de septiembre de 2023.<\/p>\n<p style=\"text-align: justify;\">\u201cLa UAGro ha ayudado en tiempos de pandemia. Deseo al rector que le vaya bien, que sea un buen rector, que act\u00fae con sensibilidad y atenci\u00f3n a todo lo que pasa en la Universidad\u201d, suscribi\u00f3 el gobernador en su mensaje a Romero Olea.<\/p>\n","protected":false},"excerpt":{"rendered":"<p>CHILPANCINGO. * 27 de septiembre de 2021. ) UAGro. El gobernador H\u00e9ctor Astudillo Flores pidi\u00f3 al rector de la UAGro, Jos\u00e9 Alfredo Romero Olea, a sumarse al regreso a clases presenciales el pr\u00f3ximo lunes 4 de octubre. Durante su conferencia virtual para hablar sobre temas de seguridad, salud y Covid19, el mandatario dijo que la&#8230;<\/p>\n","protected":false},"author":2,"featured_media":1233269,"comment_status":"closed","ping_status":"closed","sticky":false,"template":"","format":"standard","meta":{"footnotes":""},"categories":[18561,2016],"tags":[2896,10980,17463,17610],"class_list":["post-1233262","post","type-post","status-publish","format-standard","has-post-thumbnail","hentry","category-society-politics","category-uagro-society-politics","tag-uagro-2","tag-jose-alfredo-romero-olea","tag-uagro","tag-universidad-autonoma-de-guerrero-uagro"],"_links":{"self":[{"href":"https:\/\/www.acapulcopress.com\/index.php\/wp-json\/wp\/v2\/posts\/1233262","targetHints":{"allow":["GET"]}}],"collection":[{"href":"https:\/\/www.acapulcopress.com\/index.php\/wp-json\/wp\/v2\/posts"}],"about":[{"href":"https:\/\/www.acapulcopress.com\/index.php\/wp-json\/wp\/v2\/types\/post"}],"author":[{"embeddable":true,"href":"https:\/\/www.acapulcopress.com\/index.php\/wp-json\/wp\/v2\/users\/2"}],"replies":[{"embeddable":true,"href":"https:\/\/www.acapulcopress.com\/index.php\/wp-json\/wp\/v2\/comments?post=1233262"}],"version-history":[{"count":0,"href":"https:\/\/www.acapulcopress.com\/index.php\/wp-json\/wp\/v2\/posts\/1233262\/revisions"}],"wp:featuredmedia":[{"embeddable":true,"href":"https:\/\/www.acapulcopress.com\/index.php\/wp-json\/"}],"wp:attachment":[{"href":"https:\/\/www.acapulcopress.com\/index.php\/wp-json\/wp\/v2\/media?parent=1233262"}],"wp:term":[{"taxonomy":"category","embeddable":true,"href":"https:\/\/www.acapulcopress.com\/index.php\/wp-json\/wp\/v2\/categories?post=1233262"},{"taxonomy":"post_tag","embeddable":true,"href":"https:\/\/www.acapulcopress.com\/index.php\/wp-json\/wp\/v2\/tags?post=1233262"}],"curies":[{"name":"wp","href":"https:\/\/api.w.org\/{rel}","templated":true}]}}