{"id":1233271,"date":"2021-09-24T21:18:05","date_gmt":"2021-09-25T02:18:05","guid":{"rendered":"https:\/\/www.acapulco.press\/?p=1233271"},"modified":"2021-09-24T21:18:05","modified_gmt":"2021-09-25T02:18:05","slug":"rector-de-uagro-se-reune-con-directora-de-educacion-superior-de-la-sep","status":"publish","type":"post","link":"https:\/\/www.acapulcopress.com\/index.php\/2021\/09\/24\/rector-de-uagro-se-reune-con-directora-de-educacion-superior-de-la-sep\/","title":{"rendered":"Rector de UAGro se re\u00fane con directora de Educaci\u00f3n Superior de la SEP"},"content":{"rendered":"<p>CIUDAD DE M\u00c9XICO. * 24 de septiembre de 2021.<br \/>\n<em>) UAGro.<\/em><\/p>\n<p style=\"text-align: justify;\">El Rector de la Universidad Aut\u00f3noma de Guerrero, Jos\u00e9 Alfredo Romero Olea, tuvo productiva reuni\u00f3n de trabajo en Ciudad de M\u00e9xico con la directora general de Educaci\u00f3n Superior de la Secretar\u00eda de Educaci\u00f3n P\u00fablica (SEP), Carmen Enedina Rodr\u00edguez Armenta, quien refrend\u00f3 el respaldo institucional a la UAGro en las gestiones que fomenten la excelencia acad\u00e9mica y la inclusi\u00f3n social. En la reuni\u00f3n estuvieron presentes, el Secretario General, Armando Guzm\u00e1n Zavala y la Tesorera, Leticia Jim\u00e9nez Zamora.<\/p>\n<p><img loading=\"lazy\" decoding=\"async\" class=\"alignnone wp-image-1233272 size-large\" src=\"https:\/\/www.acapulco.press\/wp-content\/uploads\/2021\/10\/SEP-ROMERO-840x455.jpeg\" alt=\"\" width=\"840\" height=\"455\" \/><\/p>\n","protected":false},"excerpt":{"rendered":"<p>CIUDAD DE M\u00c9XICO. * 24 de septiembre de 2021. ) UAGro. El Rector de la Universidad Aut\u00f3noma de Guerrero, Jos\u00e9 Alfredo Romero Olea, tuvo productiva reuni\u00f3n de trabajo en Ciudad de M\u00e9xico con la directora general de Educaci\u00f3n Superior de la Secretar\u00eda de Educaci\u00f3n P\u00fablica (SEP), Carmen Enedina Rodr\u00edguez Armenta, quien refrend\u00f3 el respaldo institucional&#8230;<\/p>\n","protected":false},"author":2,"featured_media":1233272,"comment_status":"closed","ping_status":"closed","sticky":false,"template":"","format":"standard","meta":{"footnotes":""},"categories":[18561,2016],"tags":[2896,5252,10980,16171,17463,17610],"class_list":["post-1233271","post","type-post","status-publish","format-standard","has-post-thumbnail","hentry","category-society-politics","category-uagro-society-politics","tag-uagro-2","tag-carmen-enedina-rodriguez-armenta","tag-jose-alfredo-romero-olea","tag-secretaria-de-educacion-publica-sep","tag-uagro","tag-universidad-autonoma-de-guerrero-uagro"],"_links":{"self":[{"href":"https:\/\/www.acapulcopress.com\/index.php\/wp-json\/wp\/v2\/posts\/1233271","targetHints":{"allow":["GET"]}}],"collection":[{"href":"https:\/\/www.acapulcopress.com\/index.php\/wp-json\/wp\/v2\/posts"}],"about":[{"href":"https:\/\/www.acapulcopress.com\/index.php\/wp-json\/wp\/v2\/types\/post"}],"author":[{"embeddable":true,"href":"https:\/\/www.acapulcopress.com\/index.php\/wp-json\/wp\/v2\/users\/2"}],"replies":[{"embeddable":true,"href":"https:\/\/www.acapulcopress.com\/index.php\/wp-json\/wp\/v2\/comments?post=1233271"}],"version-history":[{"count":0,"href":"https:\/\/www.acapulcopress.com\/index.php\/wp-json\/wp\/v2\/posts\/1233271\/revisions"}],"wp:featuredmedia":[{"embeddable":true,"href":"https:\/\/www.acapulcopress.com\/index.php\/wp-json\/"}],"wp:attachment":[{"href":"https:\/\/www.acapulcopress.com\/index.php\/wp-json\/wp\/v2\/media?parent=1233271"}],"wp:term":[{"taxonomy":"category","embeddable":true,"href":"https:\/\/www.acapulcopress.com\/index.php\/wp-json\/wp\/v2\/categories?post=1233271"},{"taxonomy":"post_tag","embeddable":true,"href":"https:\/\/www.acapulcopress.com\/index.php\/wp-json\/wp\/v2\/tags?post=1233271"}],"curies":[{"name":"wp","href":"https:\/\/api.w.org\/{rel}","templated":true}]}}