{"id":1233277,"date":"2021-09-06T21:28:56","date_gmt":"2021-09-07T02:28:56","guid":{"rendered":"https:\/\/www.acapulco.press\/?p=1233277"},"modified":"2021-09-06T21:28:56","modified_gmt":"2021-09-07T02:28:56","slug":"gobierno-de-mexico-reconoce-a-uagro-como-universidad-incluyente","status":"publish","type":"post","link":"https:\/\/www.acapulcopress.com\/index.php\/2021\/09\/06\/gobierno-de-mexico-reconoce-a-uagro-como-universidad-incluyente\/","title":{"rendered":"Gobierno de M\u00e9xico reconoce a UAGro como universidad incluyente"},"content":{"rendered":"<p style=\"text-align: justify;\"><img loading=\"lazy\" decoding=\"async\" class=\"alignnone wp-image-1233279 size-large\" src=\"https:\/\/www.acapulco.press\/wp-content\/uploads\/2021\/10\/UAGRO-INCLUYENTE2-840x524.jpg\" alt=\"\" width=\"840\" height=\"524\" \/><\/p>\n<p style=\"text-align: justify;\">CIUDAD DE M\u00c9XICO. * 6 de septiembre de 2021.<br \/>\n<em>) UAGro.<\/em><br \/>\nEl Gobierno de M\u00e9xico a trav\u00e9s del Secretaria del Trabajo y Previsi\u00f3n entreg\u00f3 a la Universidad Aut\u00f3noma de Guerrero el Distintivo Dorado de Empresa Incluyente \u201cGilberto Rinc\u00f3n Gallardo\u201d, por considerar a la UAGro como una instituci\u00f3n ejemplar, que aplica una pol\u00edtica de inclusi\u00f3n laboral para personas en situaci\u00f3n de vulnerabilidad social.<\/p>\n<p style=\"text-align: justify;\">Este lunes, la encargada de despacho de Representaci\u00f3n Federal del Trabajo en Guerrero, Guadalupe Ramilla Romero le entreg\u00f3 al rector de la m\u00e1xima casa de estudios, Jos\u00e9 Alfredo Romero Olea el distintivo dorado que reconoce las acciones de la Aut\u00f3noma de Guerrero en materia de inclusi\u00f3n social.<\/p>\n<p><img loading=\"lazy\" decoding=\"async\" class=\"alignnone wp-image-1233278 size-large\" src=\"https:\/\/www.acapulco.press\/wp-content\/uploads\/2021\/10\/UAGRO-INCLUYENTE-840x554.jpg\" alt=\"\" width=\"840\" height=\"554\" \/><\/p>\n<p><img loading=\"lazy\" decoding=\"async\" class=\"alignnone wp-image-1233280 \" src=\"https:\/\/www.acapulco.press\/wp-content\/uploads\/2021\/10\/UAGRO-INCLUYENTE23.jpeg\" alt=\"\" width=\"805\" height=\"1073\" \/><\/p>\n","protected":false},"excerpt":{"rendered":"<p>CIUDAD DE M\u00c9XICO. * 6 de septiembre de 2021. ) UAGro. El Gobierno de M\u00e9xico a trav\u00e9s del Secretaria del Trabajo y Previsi\u00f3n entreg\u00f3 a la Universidad Aut\u00f3noma de Guerrero el Distintivo Dorado de Empresa Incluyente \u201cGilberto Rinc\u00f3n Gallardo\u201d, por considerar a la UAGro como una instituci\u00f3n ejemplar, que aplica una pol\u00edtica de inclusi\u00f3n laboral&#8230;<\/p>\n","protected":false},"author":2,"featured_media":1233278,"comment_status":"closed","ping_status":"closed","sticky":false,"template":"","format":"standard","meta":{"footnotes":""},"categories":[18561,2016],"tags":[2896,9310,10980,17463,17610],"class_list":["post-1233277","post","type-post","status-publish","format-standard","has-post-thumbnail","hentry","category-society-politics","category-uagro-society-politics","tag-uagro-2","tag-gobierno-de-mexico","tag-jose-alfredo-romero-olea","tag-uagro","tag-universidad-autonoma-de-guerrero-uagro"],"_links":{"self":[{"href":"https:\/\/www.acapulcopress.com\/index.php\/wp-json\/wp\/v2\/posts\/1233277","targetHints":{"allow":["GET"]}}],"collection":[{"href":"https:\/\/www.acapulcopress.com\/index.php\/wp-json\/wp\/v2\/posts"}],"about":[{"href":"https:\/\/www.acapulcopress.com\/index.php\/wp-json\/wp\/v2\/types\/post"}],"author":[{"embeddable":true,"href":"https:\/\/www.acapulcopress.com\/index.php\/wp-json\/wp\/v2\/users\/2"}],"replies":[{"embeddable":true,"href":"https:\/\/www.acapulcopress.com\/index.php\/wp-json\/wp\/v2\/comments?post=1233277"}],"version-history":[{"count":0,"href":"https:\/\/www.acapulcopress.com\/index.php\/wp-json\/wp\/v2\/posts\/1233277\/revisions"}],"wp:featuredmedia":[{"embeddable":true,"href":"https:\/\/www.acapulcopress.com\/index.php\/wp-json\/"}],"wp:attachment":[{"href":"https:\/\/www.acapulcopress.com\/index.php\/wp-json\/wp\/v2\/media?parent=1233277"}],"wp:term":[{"taxonomy":"category","embeddable":true,"href":"https:\/\/www.acapulcopress.com\/index.php\/wp-json\/wp\/v2\/categories?post=1233277"},{"taxonomy":"post_tag","embeddable":true,"href":"https:\/\/www.acapulcopress.com\/index.php\/wp-json\/wp\/v2\/tags?post=1233277"}],"curies":[{"name":"wp","href":"https:\/\/api.w.org\/{rel}","templated":true}]}}