{"id":1233287,"date":"2021-10-13T22:00:33","date_gmt":"2021-10-14T03:00:33","guid":{"rendered":"https:\/\/www.acapulco.press\/?p=1233287"},"modified":"2021-10-13T22:00:33","modified_gmt":"2021-10-14T03:00:33","slug":"termina-paro-laboral-en-la-secretaria-de-salud","status":"publish","type":"post","link":"https:\/\/www.acapulcopress.com\/index.php\/2021\/10\/13\/termina-paro-laboral-en-la-secretaria-de-salud\/","title":{"rendered":"Termina paro laboral en la Secretar\u00eda de Salud"},"content":{"rendered":"<p style=\"text-align: justify;\">Un Rapid\u00edn<br \/>\n] Con \u00c1ngel Irra Carceda<br \/>\n<em>) angelirracar@hotmail.com.<\/em><\/p>\n<p style=\"text-align: justify;\">Este mi\u00e9rcoles termin\u00f3 el paro laboral de los trabajadores de la Secretar\u00eda de Salud en Guerrero.<br \/>\nAs\u00ed lo confirm\u00f3 Beatriz V\u00e9lez N\u00fa\u00f1ez, dirigente de la Secci\u00f3n 36 del Sindicato Nacional de Trabajadores de la Secretar\u00eda de Salud (SNTSA).<\/p>\n<p style=\"text-align: justify;\">Este movimiento laboral que iniciaron el 14 de septiembre, concluy\u00f3 porque el presidente Andr\u00e9s Manuel L\u00f3pez Obrador autoriz\u00f3 el pago del Fondo Estatal de Ahorro Capitalizable de Guerrero (FEGAC).<\/p>\n<p style=\"text-align: justify;\">Para hacer efectivo este pago, se fij\u00f3 como fecha l\u00edmite el lunes pr\u00f3ximo, indic\u00f3 la lideresa.<\/p>\n<p style=\"text-align: justify;\">Con este paro laboral, adem\u00e1s lograron que se reanuden las 21 prestaciones sociales establecidas en la Ley del ISSSTE.<\/p>\n<p style=\"text-align: justify;\">De esta manera, las actividades en los centros de trabajo de la Secretar\u00eda de Salud, se reanudar\u00e1n a partir de este jueves en las diferentes zonas del estado.<\/p>\n","protected":false},"excerpt":{"rendered":"<p>Un Rapid\u00edn ] Con \u00c1ngel Irra Carceda ) angelirracar@hotmail.com. Este mi\u00e9rcoles termin\u00f3 el paro laboral de los trabajadores de la Secretar\u00eda de Salud en Guerrero. As\u00ed lo confirm\u00f3 Beatriz V\u00e9lez N\u00fa\u00f1ez, dirigente de la Secci\u00f3n 36 del Sindicato Nacional de Trabajadores de la Secretar\u00eda de Salud (SNTSA). Este movimiento laboral que iniciaron el 14 de&#8230;<\/p>\n","protected":false},"author":2,"featured_media":1233288,"comment_status":"closed","ping_status":"closed","sticky":false,"template":"","format":"standard","meta":{"footnotes":""},"categories":[2071,1991],"tags":[8776,16661],"class_list":["post-1233287","post","type-post","status-publish","format-standard","has-post-thumbnail","hentry","category-opinion-analisis-columnas","category-libertad-de-expresion","tag-fondo-estatal-de-ahorro-capitalizable-de-guerrero-fegac","tag-sindicato-nacional-de-trabajadores-de-la-secretaria-de-salud-snts"],"_links":{"self":[{"href":"https:\/\/www.acapulcopress.com\/index.php\/wp-json\/wp\/v2\/posts\/1233287","targetHints":{"allow":["GET"]}}],"collection":[{"href":"https:\/\/www.acapulcopress.com\/index.php\/wp-json\/wp\/v2\/posts"}],"about":[{"href":"https:\/\/www.acapulcopress.com\/index.php\/wp-json\/wp\/v2\/types\/post"}],"author":[{"embeddable":true,"href":"https:\/\/www.acapulcopress.com\/index.php\/wp-json\/wp\/v2\/users\/2"}],"replies":[{"embeddable":true,"href":"https:\/\/www.acapulcopress.com\/index.php\/wp-json\/wp\/v2\/comments?post=1233287"}],"version-history":[{"count":0,"href":"https:\/\/www.acapulcopress.com\/index.php\/wp-json\/wp\/v2\/posts\/1233287\/revisions"}],"wp:featuredmedia":[{"embeddable":true,"href":"https:\/\/www.acapulcopress.com\/index.php\/wp-json\/"}],"wp:attachment":[{"href":"https:\/\/www.acapulcopress.com\/index.php\/wp-json\/wp\/v2\/media?parent=1233287"}],"wp:term":[{"taxonomy":"category","embeddable":true,"href":"https:\/\/www.acapulcopress.com\/index.php\/wp-json\/wp\/v2\/categories?post=1233287"},{"taxonomy":"post_tag","embeddable":true,"href":"https:\/\/www.acapulcopress.com\/index.php\/wp-json\/wp\/v2\/tags?post=1233287"}],"curies":[{"name":"wp","href":"https:\/\/api.w.org\/{rel}","templated":true}]}}