{"id":1233294,"date":"2021-09-24T22:09:25","date_gmt":"2021-09-25T03:09:25","guid":{"rendered":"https:\/\/www.acapulco.press\/?p=1233294"},"modified":"2021-09-24T22:09:25","modified_gmt":"2021-09-25T03:09:25","slug":"uagro-cumple-cumple-compromisos-de-transparencia-y-rendicion-de-cuentas","status":"publish","type":"post","link":"https:\/\/www.acapulcopress.com\/index.php\/2021\/09\/24\/uagro-cumple-cumple-compromisos-de-transparencia-y-rendicion-de-cuentas\/","title":{"rendered":"UAGro cumple cumple compromisos de transparencia y rendici\u00f3n de cuentas"},"content":{"rendered":"<p>CHILPANCINGO. * 24 de septiembre de 2021.<br \/>\n) UAGro.<\/p>\n<p style=\"text-align: justify;\">Como parte de las actividades comprometidas en el Programa Institucional de Trabajo de Contralor\u00eda Social (PITCS) 2021, el Dr. V\u00edctor Manuel Abarca Ram\u00edrez, Director General de la DGPEI particip\u00f3 en la toma de protesta y constituci\u00f3n legal de los Comit\u00e9s de Contralor\u00eda Social de los Programas Federales de Desarrollo Social: Programa para el Desarrollo Profesional Docente 2021 (Prodep), para el Tipo Superior.<\/p>\n<p>Con este tipo de acciones la UAGro Universidad Aut\u00f3noma de Guerrero cumple con los compromisos de transparencia y rendici\u00f3n de cuentas asumidos ante la Secretar\u00eda de Educaci\u00f3n P\u00fablica y la Secretar\u00eda de la Funci\u00f3n P\u00fablica, como Instancia Ejecutora de Programas Federales. Durante este acto se tomaron en cuenta todas las medidas de prevenci\u00f3n recomendadas por el Comit\u00e9 de Seguridad Sanitaria de Rector\u00eda.<\/p>\n<p>Asimismo, el M.A. Nexsar G\u00f3mez Pe\u00f1aloza, Coordinador de Contralor\u00eda Social, fue el interventor encargado de dar fe y legalidad a la constituci\u00f3n de los Comit\u00e9s de Contralor\u00eda Social. Adem\u00e1s, por parte de la administraci\u00f3n central se cont\u00f3 con la participaci\u00f3n de la M.A. Perla Yoany Gonz\u00e1lez Romero, Directora de Evaluaci\u00f3n y Acreditaci\u00f3n y el M.A. Margarito Radilla Romero, Jefe del Departamento de Capacidad Acad\u00e9mica; quienes fungieron como testigos de dicho evento.<\/p>\n<p><img loading=\"lazy\" decoding=\"async\" class=\"alignnone wp-image-1233295 \" src=\"https:\/\/www.acapulco.press\/wp-content\/uploads\/2021\/10\/UAGRO-TRANSPARENCIA.jpg\" alt=\"\" width=\"798\" height=\"448\" \/><\/p>\n","protected":false},"excerpt":{"rendered":"<p>CHILPANCINGO. * 24 de septiembre de 2021. ) UAGro. Como parte de las actividades comprometidas en el Programa Institucional de Trabajo de Contralor\u00eda Social (PITCS) 2021, el Dr. V\u00edctor Manuel Abarca Ram\u00edrez, Director General de la DGPEI particip\u00f3 en la toma de protesta y constituci\u00f3n legal de los Comit\u00e9s de Contralor\u00eda Social de los Programas&#8230;<\/p>\n","protected":false},"author":2,"featured_media":1233296,"comment_status":"closed","ping_status":"closed","sticky":false,"template":"","format":"standard","meta":{"footnotes":""},"categories":[18561,2016],"tags":[2896,10980,15060,17610],"class_list":["post-1233294","post","type-post","status-publish","format-standard","has-post-thumbnail","hentry","category-society-politics","category-uagro-society-politics","tag-uagro-2","tag-jose-alfredo-romero-olea","tag-programa-para-el-desarrollo-profesional-docente-2021-prodep","tag-universidad-autonoma-de-guerrero-uagro"],"_links":{"self":[{"href":"https:\/\/www.acapulcopress.com\/index.php\/wp-json\/wp\/v2\/posts\/1233294","targetHints":{"allow":["GET"]}}],"collection":[{"href":"https:\/\/www.acapulcopress.com\/index.php\/wp-json\/wp\/v2\/posts"}],"about":[{"href":"https:\/\/www.acapulcopress.com\/index.php\/wp-json\/wp\/v2\/types\/post"}],"author":[{"embeddable":true,"href":"https:\/\/www.acapulcopress.com\/index.php\/wp-json\/wp\/v2\/users\/2"}],"replies":[{"embeddable":true,"href":"https:\/\/www.acapulcopress.com\/index.php\/wp-json\/wp\/v2\/comments?post=1233294"}],"version-history":[{"count":0,"href":"https:\/\/www.acapulcopress.com\/index.php\/wp-json\/wp\/v2\/posts\/1233294\/revisions"}],"wp:featuredmedia":[{"embeddable":true,"href":"https:\/\/www.acapulcopress.com\/index.php\/wp-json\/"}],"wp:attachment":[{"href":"https:\/\/www.acapulcopress.com\/index.php\/wp-json\/wp\/v2\/media?parent=1233294"}],"wp:term":[{"taxonomy":"category","embeddable":true,"href":"https:\/\/www.acapulcopress.com\/index.php\/wp-json\/wp\/v2\/categories?post=1233294"},{"taxonomy":"post_tag","embeddable":true,"href":"https:\/\/www.acapulcopress.com\/index.php\/wp-json\/wp\/v2\/tags?post=1233294"}],"curies":[{"name":"wp","href":"https:\/\/api.w.org\/{rel}","templated":true}]}}