{"id":1233301,"date":"2021-09-26T22:35:48","date_gmt":"2021-09-27T03:35:48","guid":{"rendered":"https:\/\/www.acapulco.press\/?p=1233301"},"modified":"2021-09-26T22:35:48","modified_gmt":"2021-09-27T03:35:48","slug":"invita-uagro-a-documental-jovenes-indigenas-de-hoy","status":"publish","type":"post","link":"https:\/\/www.acapulcopress.com\/index.php\/2021\/09\/26\/invita-uagro-a-documental-jovenes-indigenas-de-hoy\/","title":{"rendered":"Invita UAGro a documental \u00abJ\u00f3venes ind\u00edgenas de hoy\u00bb"},"content":{"rendered":"<p>CHILPANCINGO. * 26 de septiembre de 2021.<br \/>\n<em>) UAGro.<\/em><\/p>\n<p style=\"text-align: justify;\">La Universidad Aut\u00f3noma de Guerrero (UAGro) hace extensiva la invitaci\u00f3n a la comunidad universitaria para unirse a a la charla sobre el documental \u00abJ\u00f3venes ind\u00edgenas de hoy\u00bb, que realizar\u00e1 en el \u00c1rea de Igualdad de G\u00e9nero de la Zona Sur de UAGro .<\/p>\n<p><img loading=\"lazy\" decoding=\"async\" class=\"alignnone wp-image-1233302 \" src=\"https:\/\/www.acapulco.press\/wp-content\/uploads\/2021\/10\/uagro-conferencia.jpg\" alt=\"\" width=\"803\" height=\"1241\" \/><\/p>\n","protected":false},"excerpt":{"rendered":"<p>CHILPANCINGO. * 26 de septiembre de 2021. ) UAGro. La Universidad Aut\u00f3noma de Guerrero (UAGro) hace extensiva la invitaci\u00f3n a la comunidad universitaria para unirse a a la charla sobre el documental \u00abJ\u00f3venes ind\u00edgenas de hoy\u00bb, que realizar\u00e1 en el \u00c1rea de Igualdad de G\u00e9nero de la Zona Sur de UAGro .<\/p>\n","protected":false},"author":2,"featured_media":1233302,"comment_status":"closed","ping_status":"closed","sticky":false,"template":"","format":"standard","meta":{"footnotes":""},"categories":[18561,2016],"tags":[2896,10980,17610],"class_list":["post-1233301","post","type-post","status-publish","format-standard","has-post-thumbnail","hentry","category-society-politics","category-uagro-society-politics","tag-uagro-2","tag-jose-alfredo-romero-olea","tag-universidad-autonoma-de-guerrero-uagro"],"_links":{"self":[{"href":"https:\/\/www.acapulcopress.com\/index.php\/wp-json\/wp\/v2\/posts\/1233301","targetHints":{"allow":["GET"]}}],"collection":[{"href":"https:\/\/www.acapulcopress.com\/index.php\/wp-json\/wp\/v2\/posts"}],"about":[{"href":"https:\/\/www.acapulcopress.com\/index.php\/wp-json\/wp\/v2\/types\/post"}],"author":[{"embeddable":true,"href":"https:\/\/www.acapulcopress.com\/index.php\/wp-json\/wp\/v2\/users\/2"}],"replies":[{"embeddable":true,"href":"https:\/\/www.acapulcopress.com\/index.php\/wp-json\/wp\/v2\/comments?post=1233301"}],"version-history":[{"count":0,"href":"https:\/\/www.acapulcopress.com\/index.php\/wp-json\/wp\/v2\/posts\/1233301\/revisions"}],"wp:featuredmedia":[{"embeddable":true,"href":"https:\/\/www.acapulcopress.com\/index.php\/wp-json\/"}],"wp:attachment":[{"href":"https:\/\/www.acapulcopress.com\/index.php\/wp-json\/wp\/v2\/media?parent=1233301"}],"wp:term":[{"taxonomy":"category","embeddable":true,"href":"https:\/\/www.acapulcopress.com\/index.php\/wp-json\/wp\/v2\/categories?post=1233301"},{"taxonomy":"post_tag","embeddable":true,"href":"https:\/\/www.acapulcopress.com\/index.php\/wp-json\/wp\/v2\/tags?post=1233301"}],"curies":[{"name":"wp","href":"https:\/\/api.w.org\/{rel}","templated":true}]}}