{"id":1233308,"date":"2021-09-08T22:53:06","date_gmt":"2021-09-09T03:53:06","guid":{"rendered":"https:\/\/www.acapulco.press\/?p=1233308"},"modified":"2021-09-08T22:53:06","modified_gmt":"2021-09-09T03:53:06","slug":"supervisa-rector-danos-causados-por-el-sismo-en-uagro","status":"publish","type":"post","link":"https:\/\/www.acapulcopress.com\/index.php\/2021\/09\/08\/supervisa-rector-danos-causados-por-el-sismo-en-uagro\/","title":{"rendered":"Supervisa Rector da\u00f1os causados por el sismo en UAGro"},"content":{"rendered":"<p><img loading=\"lazy\" decoding=\"async\" class=\"alignnone wp-image-1233312 size-large\" src=\"https:\/\/www.acapulco.press\/wp-content\/uploads\/2021\/10\/UAGRO-TRANSPARENCIA4-840x560.jpg\" alt=\"\" width=\"840\" height=\"560\" \/><\/p>\n<p>CHILPANCINGO. * 8 de septiembre de 2021.<br \/>\n) UAGro.<\/p>\n<p style=\"text-align: justify;\">El rector de la UAGro, Dr. Jos\u00e9 Alfredo Romero Olea, junto con personal de Infraestructura y de la rector\u00eda, supervisaron los da\u00f1os a las instalaciones universitarias ocasionadas por el sismo de anoche.<\/p>\n<p style=\"text-align: justify;\">S\u00bbe estar\u00e1 evaluando las afectaciones a las escuelas y centros de trabajo para garantizar un regreso seguro a los espacios universitarios\u00bb, anunci\u00f3 Romero Olea.<\/p>\n<p><img loading=\"lazy\" decoding=\"async\" class=\"alignnone wp-image-1233311 size-large\" src=\"https:\/\/www.acapulco.press\/wp-content\/uploads\/2021\/10\/UAGRO-TRANSPARENCIA3-840x630.jpg\" alt=\"\" width=\"840\" height=\"630\" \/><\/p>\n","protected":false},"excerpt":{"rendered":"<p>CHILPANCINGO. * 8 de septiembre de 2021. ) UAGro. El rector de la UAGro, Dr. Jos\u00e9 Alfredo Romero Olea, junto con personal de Infraestructura y de la rector\u00eda, supervisaron los da\u00f1os a las instalaciones universitarias ocasionadas por el sismo de anoche. S\u00bbe estar\u00e1 evaluando las afectaciones a las escuelas y centros de trabajo para garantizar&#8230;<\/p>\n","protected":false},"author":2,"featured_media":1233309,"comment_status":"closed","ping_status":"closed","sticky":false,"template":"","format":"standard","meta":{"footnotes":""},"categories":[18561,2016],"tags":[2896,10980,17610],"class_list":["post-1233308","post","type-post","status-publish","format-standard","has-post-thumbnail","hentry","category-society-politics","category-uagro-society-politics","tag-uagro-2","tag-jose-alfredo-romero-olea","tag-universidad-autonoma-de-guerrero-uagro"],"_links":{"self":[{"href":"https:\/\/www.acapulcopress.com\/index.php\/wp-json\/wp\/v2\/posts\/1233308","targetHints":{"allow":["GET"]}}],"collection":[{"href":"https:\/\/www.acapulcopress.com\/index.php\/wp-json\/wp\/v2\/posts"}],"about":[{"href":"https:\/\/www.acapulcopress.com\/index.php\/wp-json\/wp\/v2\/types\/post"}],"author":[{"embeddable":true,"href":"https:\/\/www.acapulcopress.com\/index.php\/wp-json\/wp\/v2\/users\/2"}],"replies":[{"embeddable":true,"href":"https:\/\/www.acapulcopress.com\/index.php\/wp-json\/wp\/v2\/comments?post=1233308"}],"version-history":[{"count":0,"href":"https:\/\/www.acapulcopress.com\/index.php\/wp-json\/wp\/v2\/posts\/1233308\/revisions"}],"wp:featuredmedia":[{"embeddable":true,"href":"https:\/\/www.acapulcopress.com\/index.php\/wp-json\/"}],"wp:attachment":[{"href":"https:\/\/www.acapulcopress.com\/index.php\/wp-json\/wp\/v2\/media?parent=1233308"}],"wp:term":[{"taxonomy":"category","embeddable":true,"href":"https:\/\/www.acapulcopress.com\/index.php\/wp-json\/wp\/v2\/categories?post=1233308"},{"taxonomy":"post_tag","embeddable":true,"href":"https:\/\/www.acapulcopress.com\/index.php\/wp-json\/wp\/v2\/tags?post=1233308"}],"curies":[{"name":"wp","href":"https:\/\/api.w.org\/{rel}","templated":true}]}}