{"id":1233326,"date":"2021-09-01T23:26:12","date_gmt":"2021-09-02T04:26:12","guid":{"rendered":"https:\/\/www.acapulco.press\/?p=1233326"},"modified":"2021-09-01T23:26:12","modified_gmt":"2021-09-02T04:26:12","slug":"uagro-capacitara-a-profesores-del-colegio-de-bachilleres","status":"publish","type":"post","link":"https:\/\/www.acapulcopress.com\/index.php\/2021\/09\/01\/uagro-capacitara-a-profesores-del-colegio-de-bachilleres\/","title":{"rendered":"UAGro capacitar\u00e1 a profesores del Colegio de Bachilleres"},"content":{"rendered":"<p style=\"text-align: justify;\"><img loading=\"lazy\" decoding=\"async\" class=\"alignnone wp-image-1233327 \" src=\"https:\/\/www.acapulco.press\/wp-content\/uploads\/2021\/10\/UAGRO-BACHILLERES.jpg\" alt=\"\" width=\"805\" height=\"536\" \/><\/p>\n<p style=\"text-align: justify;\">CHILPANCINGO. * 1 de septiembre de 2021.<br \/>\n<em>) UAGro.<\/em><br \/>\nEste martes, el rector de la Universidad Aut\u00f3noma de Guerrero, Jos\u00e9 Alfredo Romero Olea y el Director General del Colegio de Bachilleres, Ferm\u00edn Alvarado Arroyo firmaron un convenio de colaboraci\u00f3n donde la UAGro, a trav\u00e9s de la Facultad de Matem\u00e1ticas, capacitar\u00e1 a sus docentes para mejorar los planes y modelos acad\u00e9micos de ense\u00f1anza.<\/p>\n<p style=\"text-align: justify;\"><img loading=\"lazy\" decoding=\"async\" class=\"alignleft size-medium wp-image-1233328\" src=\"https:\/\/www.acapulco.press\/wp-content\/uploads\/2021\/10\/UAGRO-BACHILLERES2-375x234.jpg\" alt=\"\" width=\"375\" height=\"234\" \/>As\u00ed mismo, los investigadores de la Maestr\u00eda en Matem\u00e1tica Educativa de la UAGro impartir\u00e1n a los profesores del Colegio de Bachilleres el Diplomado de Introducci\u00f3n a la Innovaci\u00f3n de la Pr\u00e1ctica Docente de Matem\u00e1ticas que concluir\u00e1 el 6 de noviembre de este a\u00f1o.<\/p>\n<p style=\"text-align: justify;\">En su mensaje, el rector de la m\u00e1xima casa de estudios, Jos\u00e9 Alfredo Romero Olea dijo que la instituci\u00f3n est\u00e1 abierta a ayudar y colaborar con otros subsistemas de Nivel Medio y Superior para el fortalecimiento de \u201cun modelo educativo h\u00edbrido, que est\u00e9 a la altura de las circunstancias que actualmente vivimos\u201d.<\/p>\n<p style=\"text-align: justify;\">Dijo que la Facultad de Matem\u00e1ticas de la UAGro est\u00e1 <em>rankeada<\/em> entre las mejores del pa\u00eds y a la fecha cuenta con cuatro posgrados de alta calidad, reconocidos por el Consejo Nacional de Ciencia y Tecnolog\u00eda: tres maestr\u00edas y un doctorado.<\/p>\n<p style=\"text-align: justify;\">Por su parte, el Director General del Colegio de Bachilleres, Ferm\u00edn Alvarado Arroyo asegur\u00f3 que para ellos es muy importante que la UAGro \u201cnos ayude a seguir capacitando a nuestros maestros y mejorar la formaci\u00f3n de nuestros j\u00f3venes, queremos que la formaci\u00f3n en matem\u00e1ticas en el Colegio de Bachilleres siga siendo de lo mejor\u201d.<\/p>\n<p style=\"text-align: justify;\">Se\u00f1al\u00f3 que junto a la Aut\u00f3noma de Guerrero el objetivo es \u201ccontribuir al desarrollo profesional de nuestros docentes en matem\u00e1ticas mediante la reflexi\u00f3n\u201d adem\u00e1s de mejorar el dise\u00f1o de planes y proyectos acorde a la actualidad: \u201cestamos iniciando en todo el pa\u00eds un proceso de transformaci\u00f3n de educaci\u00f3n h\u00edbrida pero creemos que este modelo debe ir m\u00e1s all\u00e1 de la pandemia, marcarla dentro de una estrategia para lograr que sea efectiva y sostenible para todos, docentes estudiantes y padres de familia\u201d, finaliz\u00f3.<\/p>\n<p style=\"text-align: justify;\"><img loading=\"lazy\" decoding=\"async\" class=\"alignnone wp-image-1233329 \" src=\"https:\/\/www.acapulco.press\/wp-content\/uploads\/2021\/10\/UAGRO-BACHILLERES3.jpg\" alt=\"\" width=\"807\" height=\"569\" \/><\/p>\n","protected":false},"excerpt":{"rendered":"<p>CHILPANCINGO. * 1 de septiembre de 2021. ) UAGro. Este martes, el rector de la Universidad Aut\u00f3noma de Guerrero, Jos\u00e9 Alfredo Romero Olea y el Director General del Colegio de Bachilleres, Ferm\u00edn Alvarado Arroyo firmaron un convenio de colaboraci\u00f3n donde la UAGro, a trav\u00e9s de la Facultad de Matem\u00e1ticas, capacitar\u00e1 a sus docentes para mejorar&#8230;<\/p>\n","protected":false},"author":2,"featured_media":1233328,"comment_status":"closed","ping_status":"closed","sticky":false,"template":"","format":"standard","meta":{"footnotes":""},"categories":[18561,2016],"tags":[],"class_list":["post-1233326","post","type-post","status-publish","format-standard","has-post-thumbnail","hentry","category-society-politics","category-uagro-society-politics"],"_links":{"self":[{"href":"https:\/\/www.acapulcopress.com\/index.php\/wp-json\/wp\/v2\/posts\/1233326","targetHints":{"allow":["GET"]}}],"collection":[{"href":"https:\/\/www.acapulcopress.com\/index.php\/wp-json\/wp\/v2\/posts"}],"about":[{"href":"https:\/\/www.acapulcopress.com\/index.php\/wp-json\/wp\/v2\/types\/post"}],"author":[{"embeddable":true,"href":"https:\/\/www.acapulcopress.com\/index.php\/wp-json\/wp\/v2\/users\/2"}],"replies":[{"embeddable":true,"href":"https:\/\/www.acapulcopress.com\/index.php\/wp-json\/wp\/v2\/comments?post=1233326"}],"version-history":[{"count":0,"href":"https:\/\/www.acapulcopress.com\/index.php\/wp-json\/wp\/v2\/posts\/1233326\/revisions"}],"wp:featuredmedia":[{"embeddable":true,"href":"https:\/\/www.acapulcopress.com\/index.php\/wp-json\/"}],"wp:attachment":[{"href":"https:\/\/www.acapulcopress.com\/index.php\/wp-json\/wp\/v2\/media?parent=1233326"}],"wp:term":[{"taxonomy":"category","embeddable":true,"href":"https:\/\/www.acapulcopress.com\/index.php\/wp-json\/wp\/v2\/categories?post=1233326"},{"taxonomy":"post_tag","embeddable":true,"href":"https:\/\/www.acapulcopress.com\/index.php\/wp-json\/wp\/v2\/tags?post=1233326"}],"curies":[{"name":"wp","href":"https:\/\/api.w.org\/{rel}","templated":true}]}}