{"id":1233342,"date":"2021-10-13T23:48:43","date_gmt":"2021-10-14T04:48:43","guid":{"rendered":"https:\/\/www.acapulco.press\/?p=1233342"},"modified":"2021-10-13T23:48:43","modified_gmt":"2021-10-14T04:48:43","slug":"recibe-senorita-de-los-pueblos-originario-baston-de-mando-de-manos-del-presidente-de-tlapa","status":"publish","type":"post","link":"https:\/\/www.acapulcopress.com\/index.php\/2021\/10\/13\/recibe-senorita-de-los-pueblos-originario-baston-de-mando-de-manos-del-presidente-de-tlapa\/","title":{"rendered":"Recibe Se\u00f1orita de los Pueblos Originario bast\u00f3n de mando de manos del Presidente de Tlapa"},"content":{"rendered":"<p style=\"text-align: justify;\"><img loading=\"lazy\" decoding=\"async\" class=\"alignnone wp-image-1233345 size-large\" src=\"https:\/\/www.acapulco.press\/wp-content\/uploads\/2021\/10\/MISS-NICHO3-840x473.jpeg\" alt=\"\" width=\"840\" height=\"473\" \/><\/p>\n<p>TLAPA DE COMONFORT. * 13 de septiembre de 2021.<br \/>\n) Gobierno de Tlapa.<br \/>\nEn v\u00edsperas de la celebraci\u00f3n del Paseo en honor al Se\u00f1or del Nicho, esta noche de mi\u00e9rcoles el presidente municipal de Tlapa de Comonfort, Gilberto Solano Arreaga, junto a su esposa Guadalupe Alarc\u00f3n Arcos, hizo <img loading=\"lazy\" decoding=\"async\" class=\"alignleft size-medium wp-image-1233344\" src=\"https:\/\/www.acapulco.press\/wp-content\/uploads\/2021\/10\/MISS-NICHO2-375x211.jpeg\" alt=\"\" width=\"375\" height=\"211\" \/>entrega de las varas de mando a la se\u00f1orita representante de los Pueblos Originarios, \u00c1ngela Hern\u00e1ndez Portillo.<\/p>\n<p style=\"text-align: justify;\">Nacida en Ahuatepec Pueblo, de pueblos nahuas, \u00c1ngela Hern\u00e1ndez recibi\u00f3 este alto honor que refleja a trav\u00e9s de la cultura a la madre naturaleza.<\/p>\n<p style=\"text-align: justify;\">\u00abEs importante mencionar que empezamos a recuperar estos contextos naturales que <img loading=\"lazy\" decoding=\"async\" class=\"alignleft size-medium wp-image-1233344\" src=\"https:\/\/www.acapulco.press\/wp-content\/uploads\/2021\/10\/MISS-NICHO2-375x211.jpeg\" alt=\"\" width=\"375\" height=\"211\" \/>pr\u00e1cticamente se hab\u00edan olvidado. Este Honorable Ayuntamiento siempre caminar\u00e1 con la cultura y en busca de recuperar estas tradiciones que nuestros antepasados nos dejaron\u00bb, explic\u00f3 Solano Arreaga.<\/p>\n<p style=\"text-align: justify;\">Este es un hecho sin precedentes, ya que por primera vez se eligi\u00f3 a una se\u00f1orita que, por regla, ten\u00eda que hablar una lengua madre.<\/p>\n<p style=\"text-align: justify;\">En este contexto \u00c1ngela Hern\u00e1ndez agradeci\u00f3 al primer presidente municipal ind\u00edgena de Tlapa. \u00abRepresento con orgullo a mis pueblos y quiero agradecer al presidente Gilberto Solano este acontecimiento que nunca se hab\u00eda hecho\u00bb, explic\u00f3.<\/p>\n<p style=\"text-align: justify;\">Coment\u00f3 que, al principio, para algunas participantes fue un poco complicado el hecho de estar present\u00e1ndose ante el p\u00fablico, pero reconoci\u00f3 que al ver el inter\u00e9s de su pueblo y la gran expectativa que gener\u00f3 el concurso, la confianza creci\u00f3 y hoy con orgullo expone sus ra\u00edces ind\u00edgenas.<\/p>\n<p>\u00abHay personas que les da pena hablar, pero al contrario, debemos sentirnos orgullosas de nuestra lengua, de nuestras ra\u00edces y cultura, que debemos mostrarla para darla a conocer. Agradezco a Dios esta oportunidad\u00bb, a\u00f1adi\u00f3 Hern\u00e1ndez Portillo.<\/p>\n","protected":false},"excerpt":{"rendered":"<p>TLAPA DE COMONFORT. * 13 de septiembre de 2021. ) Gobierno de Tlapa. En v\u00edsperas de la celebraci\u00f3n del Paseo en honor al Se\u00f1or del Nicho, esta noche de mi\u00e9rcoles el presidente municipal de Tlapa de Comonfort, Gilberto Solano Arreaga, junto a su esposa Guadalupe Alarc\u00f3n Arcos, hizo entrega de las varas de mando a&#8230;<\/p>\n","protected":false},"author":2,"featured_media":1233346,"comment_status":"closed","ping_status":"closed","sticky":false,"template":"","format":"standard","meta":{"footnotes":""},"categories":[1972,18589,18561],"tags":[9199,9321,16481],"class_list":["post-1233342","post","type-post","status-publish","format-standard","has-post-thumbnail","hentry","category-special","category-gobierno-de-tlapa","category-society-politics","tag-gilberto-solano-arreaga","tag-gobierno-de-tlapa","tag-senor-del-nicho"],"_links":{"self":[{"href":"https:\/\/www.acapulcopress.com\/index.php\/wp-json\/wp\/v2\/posts\/1233342","targetHints":{"allow":["GET"]}}],"collection":[{"href":"https:\/\/www.acapulcopress.com\/index.php\/wp-json\/wp\/v2\/posts"}],"about":[{"href":"https:\/\/www.acapulcopress.com\/index.php\/wp-json\/wp\/v2\/types\/post"}],"author":[{"embeddable":true,"href":"https:\/\/www.acapulcopress.com\/index.php\/wp-json\/wp\/v2\/users\/2"}],"replies":[{"embeddable":true,"href":"https:\/\/www.acapulcopress.com\/index.php\/wp-json\/wp\/v2\/comments?post=1233342"}],"version-history":[{"count":0,"href":"https:\/\/www.acapulcopress.com\/index.php\/wp-json\/wp\/v2\/posts\/1233342\/revisions"}],"wp:featuredmedia":[{"embeddable":true,"href":"https:\/\/www.acapulcopress.com\/index.php\/wp-json\/"}],"wp:attachment":[{"href":"https:\/\/www.acapulcopress.com\/index.php\/wp-json\/wp\/v2\/media?parent=1233342"}],"wp:term":[{"taxonomy":"category","embeddable":true,"href":"https:\/\/www.acapulcopress.com\/index.php\/wp-json\/wp\/v2\/categories?post=1233342"},{"taxonomy":"post_tag","embeddable":true,"href":"https:\/\/www.acapulcopress.com\/index.php\/wp-json\/wp\/v2\/tags?post=1233342"}],"curies":[{"name":"wp","href":"https:\/\/api.w.org\/{rel}","templated":true}]}}