{"id":1233352,"date":"2021-10-14T19:17:33","date_gmt":"2021-10-15T00:17:33","guid":{"rendered":"https:\/\/www.acapulco.press\/?p=1233352"},"modified":"2021-10-14T19:17:33","modified_gmt":"2021-10-15T00:17:33","slug":"captura-fiscalia-a-un-agresor-en-iguala-y-a-un-ladron-en-acapulco","status":"publish","type":"post","link":"https:\/\/www.acapulcopress.com\/index.php\/2021\/10\/14\/captura-fiscalia-a-un-agresor-en-iguala-y-a-un-ladron-en-acapulco\/","title":{"rendered":"Captura Fiscal\u00eda a un agresor en Iguala y a un ladr\u00f3n en Acapulco"},"content":{"rendered":"<p style=\"text-align: justify;\">CHILPANCINGO. * 14 de septiembre de 2021.<br \/>\n<em>) <a href=\"https:\/\/fiscaliaguerrero.gob.mx\" target=\"_blank\" rel=\"noopener\">https:\/\/fiscaliaguerrero.gob.mx<\/a>.<\/em><\/p>\n<p style=\"text-align: justify;\"><img loading=\"lazy\" decoding=\"async\" class=\"alignleft size-medium wp-image-1233353\" src=\"https:\/\/www.acapulco.press\/wp-content\/uploads\/2021\/10\/fge-pedro-lesiones-375x363.jpg\" alt=\"\" width=\"375\" height=\"363\" \/>Fiscal\u00eda de Guerrero, a trav\u00e9s de la Polic\u00eda Investigadora Ministerial de Acapulco, dio cumplimiento al mandato judicial en contra de quien dijo llamarse Joel Alberto \u00abN\u00bb, detenido y acusado como probable responsable del delito de robo en agravio de una instituci\u00f3n de atenci\u00f3n m\u00e9dica, relacionado con la causa penal 10-I\/2020, quedando a disposici\u00f3n del Juez Noveno de Primera Instancia penal del Distrito Judicial de Tabares.<\/p>\n<p style=\"text-align: justify;\">As\u00ed mismo, la Polic\u00eda Investigadora Ministerial de Iguala de la Independencia, dio cumplimiento a la orden de aprehensi\u00f3n en contra de Pedro \u00abN\u00bb, acusado como probable responsable del delito de lesiones en agravio de una f\u00e9mina, hechos relacionados con la causa penal 32\/2003-I, puesto a disposici\u00f3n del Juez Mixto de Primera Instancia del Distrito Judicial de Aldama.<\/p>\n","protected":false},"excerpt":{"rendered":"<p>CHILPANCINGO. * 14 de septiembre de 2021. ) https:\/\/fiscaliaguerrero.gob.mx. Fiscal\u00eda de Guerrero, a trav\u00e9s de la Polic\u00eda Investigadora Ministerial de Acapulco, dio cumplimiento al mandato judicial en contra de quien dijo llamarse Joel Alberto \u00abN\u00bb, detenido y acusado como probable responsable del delito de robo en agravio de una instituci\u00f3n de atenci\u00f3n m\u00e9dica, relacionado con&#8230;<\/p>\n","protected":false},"author":2,"featured_media":1233354,"comment_status":"closed","ping_status":"closed","sticky":false,"template":"","format":"standard","meta":{"footnotes":""},"categories":[1969,2005],"tags":[8703,10946,14737],"class_list":["post-1233352","post","type-post","status-publish","format-standard","has-post-thumbnail","hentry","category-trending","category-seguridad-y-justicia","tag-fiscalia-general-del-estado-de-guerrero-fge","tag-jorge-zuriel-de-los-santos-barrila","tag-policia-ministerial-de-guerrero"],"_links":{"self":[{"href":"https:\/\/www.acapulcopress.com\/index.php\/wp-json\/wp\/v2\/posts\/1233352","targetHints":{"allow":["GET"]}}],"collection":[{"href":"https:\/\/www.acapulcopress.com\/index.php\/wp-json\/wp\/v2\/posts"}],"about":[{"href":"https:\/\/www.acapulcopress.com\/index.php\/wp-json\/wp\/v2\/types\/post"}],"author":[{"embeddable":true,"href":"https:\/\/www.acapulcopress.com\/index.php\/wp-json\/wp\/v2\/users\/2"}],"replies":[{"embeddable":true,"href":"https:\/\/www.acapulcopress.com\/index.php\/wp-json\/wp\/v2\/comments?post=1233352"}],"version-history":[{"count":0,"href":"https:\/\/www.acapulcopress.com\/index.php\/wp-json\/wp\/v2\/posts\/1233352\/revisions"}],"wp:featuredmedia":[{"embeddable":true,"href":"https:\/\/www.acapulcopress.com\/index.php\/wp-json\/"}],"wp:attachment":[{"href":"https:\/\/www.acapulcopress.com\/index.php\/wp-json\/wp\/v2\/media?parent=1233352"}],"wp:term":[{"taxonomy":"category","embeddable":true,"href":"https:\/\/www.acapulcopress.com\/index.php\/wp-json\/wp\/v2\/categories?post=1233352"},{"taxonomy":"post_tag","embeddable":true,"href":"https:\/\/www.acapulcopress.com\/index.php\/wp-json\/wp\/v2\/tags?post=1233352"}],"curies":[{"name":"wp","href":"https:\/\/api.w.org\/{rel}","templated":true}]}}