{"id":1233360,"date":"2021-10-14T20:10:56","date_gmt":"2021-10-15T01:10:56","guid":{"rendered":"https:\/\/www.acapulco.press\/?p=1233360"},"modified":"2021-10-14T20:10:56","modified_gmt":"2021-10-15T01:10:56","slug":"sin-barreras-partidistas-recorrio-solano-el-paseo-del-nicho-en-tlapa","status":"publish","type":"post","link":"https:\/\/www.acapulcopress.com\/index.php\/2021\/10\/14\/sin-barreras-partidistas-recorrio-solano-el-paseo-del-nicho-en-tlapa\/","title":{"rendered":"Sin barreras partidistas recorri\u00f3 #Solano el Paseo del Nicho en Tlapa"},"content":{"rendered":"<p style=\"text-align: justify;\"><img loading=\"lazy\" decoding=\"async\" class=\"alignnone wp-image-1233365 size-large\" src=\"https:\/\/www.acapulco.press\/wp-content\/uploads\/2021\/10\/TLAPA-SR-NICHO5-840x473.jpeg\" alt=\"\" width=\"840\" height=\"473\" \/><\/p>\n<p>TLAPA DE COMONFORT. * 14 de septiembre de 2021.<br \/>\n<em>) Gobierno de Tlapa.<\/em><\/p>\n<p style=\"text-align: justify;\"><img loading=\"lazy\" decoding=\"async\" class=\"alignleft size-medium wp-image-1233371\" src=\"https:\/\/www.acapulco.press\/wp-content\/uploads\/2021\/10\/TLAPA-SR-NICHO11-375x211.jpeg\" alt=\"\" width=\"375\" height=\"211\" \/>El primer presidente municipal ind\u00edgena de Tlapa de Comonfort, Gilberto Solano Arreaga,\u00a0 encabez\u00f3 el colorido paseo en honor al &#8216;Se\u00f1or del Nicho&#8217;, el cual fue amenizado por casi 70 grupos de danzas de todo el Estado, que bailaron al son de las bandas de m\u00fasica de viento de la regi\u00f3n Monta\u00f1a.<\/p>\n<p style=\"text-align: justify;\">El presidente estuvo acompa\u00f1ado de la presidenta del DIF municipal, Guadalupe <img loading=\"lazy\" decoding=\"async\" class=\"alignleft size-medium wp-image-1233370\" src=\"https:\/\/www.acapulco.press\/wp-content\/uploads\/2021\/10\/TLAPA-SR-NICHO10-375x211.jpeg\" alt=\"\" width=\"375\" height=\"211\" \/>Alarc\u00f3n Arcos y por el Cabildo plural, de ciudadanos y representantes de los pueblos originarios.<\/p>\n<p style=\"text-align: justify;\">Aunque destac\u00f3 un hecho sin precedentes, ya que las banderas pol\u00edticas se hicieron a un lado para llevar a cabo este recorrido en armon\u00eda y con el respaldo de distintos actores pol\u00edticos, as\u00ed como religiosos.<\/p>\n<p style=\"text-align: justify;\">Para la seguridad de los asistentes, se <img loading=\"lazy\" decoding=\"async\" class=\"alignleft size-medium wp-image-1233369\" src=\"https:\/\/www.acapulco.press\/wp-content\/uploads\/2021\/10\/TLAPA-SR-NICHO9-375x211.jpeg\" alt=\"\" width=\"375\" height=\"211\" \/>instalaron 14 puntos sanitizantes durante el trayecto, as\u00ed como de hidrataci\u00f3n y emergencias, para la atenci\u00f3n especial a todos los visitantes.<\/p>\n<p style=\"text-align: justify;\">El recorrido inici\u00f3 en el arco de la entrada principal de Tlapa, cruzando por la avenida H. Colegio Militar, hasta la calle Hidalgo, dando la vuelta en el monumento a Emiliano Zapata hasta llegar a la catedral de San Agust\u00edn, donde <img loading=\"lazy\" decoding=\"async\" class=\"alignleft size-medium wp-image-1233368\" src=\"https:\/\/www.acapulco.press\/wp-content\/uploads\/2021\/10\/TLAPA-SR-NICHO8-375x211.jpeg\" alt=\"\" width=\"375\" height=\"211\" \/>luci\u00f3 en su entrada un impresionante arco conmemorativo.<\/p>\n<p style=\"text-align: justify;\">Solano Arreaga destac\u00f3 el gran ambiente y el colorido recorrido, donde se lucieron atuendos t\u00edpicos de la regi\u00f3n, vestimentas tejidas en telares manuales con figuras que evocan motivos prehisp\u00e1nicos; \u00abvenimos a disfrutar de las danzas tradicionales y el folclore de una tierra que muestra con orgullo sus ra\u00edces ante los ojos del mundo\u00bb, explic\u00f3.<\/p>\n<p><img loading=\"lazy\" decoding=\"async\" class=\"alignnone wp-image-1233362 size-large\" src=\"https:\/\/www.acapulco.press\/wp-content\/uploads\/2021\/10\/TLAPA-SR-NICHO2-840x559.jpeg\" alt=\"\" width=\"840\" height=\"559\" \/><\/p>\n","protected":false},"excerpt":{"rendered":"<p>TLAPA DE COMONFORT. * 14 de septiembre de 2021. ) Gobierno de Tlapa. El primer presidente municipal ind\u00edgena de Tlapa de Comonfort, Gilberto Solano Arreaga,\u00a0 encabez\u00f3 el colorido paseo en honor al &#8216;Se\u00f1or del Nicho&#8217;, el cual fue amenizado por casi 70 grupos de danzas de todo el Estado, que bailaron al son de las&#8230;<\/p>\n","protected":false},"author":2,"featured_media":1233361,"comment_status":"closed","ping_status":"closed","sticky":false,"template":"","format":"standard","meta":{"footnotes":""},"categories":[1972,18589,18561],"tags":[4495,9199,9321,16482],"class_list":["post-1233360","post","type-post","status-publish","format-standard","has-post-thumbnail","hentry","category-special","category-gobierno-de-tlapa","category-society-politics","tag-ayuntamiento-de-tlapa","tag-gilberto-solano-arreaga","tag-gobierno-de-tlapa","tag-senor-del-nicho-tlapa"],"_links":{"self":[{"href":"https:\/\/www.acapulcopress.com\/index.php\/wp-json\/wp\/v2\/posts\/1233360","targetHints":{"allow":["GET"]}}],"collection":[{"href":"https:\/\/www.acapulcopress.com\/index.php\/wp-json\/wp\/v2\/posts"}],"about":[{"href":"https:\/\/www.acapulcopress.com\/index.php\/wp-json\/wp\/v2\/types\/post"}],"author":[{"embeddable":true,"href":"https:\/\/www.acapulcopress.com\/index.php\/wp-json\/wp\/v2\/users\/2"}],"replies":[{"embeddable":true,"href":"https:\/\/www.acapulcopress.com\/index.php\/wp-json\/wp\/v2\/comments?post=1233360"}],"version-history":[{"count":0,"href":"https:\/\/www.acapulcopress.com\/index.php\/wp-json\/wp\/v2\/posts\/1233360\/revisions"}],"wp:featuredmedia":[{"embeddable":true,"href":"https:\/\/www.acapulcopress.com\/index.php\/wp-json\/"}],"wp:attachment":[{"href":"https:\/\/www.acapulcopress.com\/index.php\/wp-json\/wp\/v2\/media?parent=1233360"}],"wp:term":[{"taxonomy":"category","embeddable":true,"href":"https:\/\/www.acapulcopress.com\/index.php\/wp-json\/wp\/v2\/categories?post=1233360"},{"taxonomy":"post_tag","embeddable":true,"href":"https:\/\/www.acapulcopress.com\/index.php\/wp-json\/wp\/v2\/tags?post=1233360"}],"curies":[{"name":"wp","href":"https:\/\/api.w.org\/{rel}","templated":true}]}}