{"id":1233379,"date":"2021-10-14T20:47:27","date_gmt":"2021-10-15T01:47:27","guid":{"rendered":"https:\/\/www.acapulco.press\/?p=1233379"},"modified":"2021-10-14T20:47:27","modified_gmt":"2021-10-15T01:47:27","slug":"rector-romero-olea-tomo-protesta-a-directores-generales-de-uagro","status":"publish","type":"post","link":"https:\/\/www.acapulcopress.com\/index.php\/2021\/10\/14\/rector-romero-olea-tomo-protesta-a-directores-generales-de-uagro\/","title":{"rendered":"Rector Romero Olea tom\u00f3 protesta a directores generales de UAGro"},"content":{"rendered":"<p style=\"text-align: justify;\">\n<img loading=\"lazy\" decoding=\"async\" class=\"alignnone wp-image-1233380 size-large\" src=\"https:\/\/www.acapulco.press\/wp-content\/uploads\/2021\/10\/UAGRO-DIRECTORES-840x553.jpg\" alt=\"\" width=\"840\" height=\"553\" \/><\/p>\n<p>CHILPANCINGO. * 14 de septiembre de 2021.<br \/>\n<em>) UAGro.<\/em><\/p>\n<p style=\"text-align: justify;\">El rector de la Universidad Aut\u00f3noma de Guerrero, Jos\u00e9 Alfredo Romero Olea tom\u00f3 protesta a los directores generales que lo acompa\u00f1ar\u00e1n en la administraci\u00f3n del periodo 2021-2023 a quienes llam\u00f3 a seguir trabajando \u201cen la consolidaci\u00f3n institucional de la UAGro\u201d.<\/p>\n<p style=\"text-align: justify;\"><img loading=\"lazy\" decoding=\"async\" class=\"alignleft size-medium wp-image-1233383\" src=\"https:\/\/www.acapulco.press\/wp-content\/uploads\/2021\/10\/UAGRO-DIRECTORES4-375x259.jpg\" alt=\"\" width=\"375\" height=\"259\" \/>Reunidos en la Sala de Usos M\u00faltiples de Rector\u00eda, Romero Olea dijo que actualmente, el reconocimiento que ha ganado la m\u00e1xima casa de estudios en el estado y en el pa\u00eds se debe \u201cen gran medida al trabajo en unidad que le han puesto todos ustedes, a su capacidad y conocimiento y es por eso que hoy tenemos resultados positivos\u201d.<\/p>\n<p style=\"text-align: justify;\">El rector de la UAGro puntualiz\u00f3 que en los siguientes dos a\u00f1os tendr\u00e1 la encomienda de mantener la estabilidad de la universidad y el <img loading=\"lazy\" decoding=\"async\" class=\"alignleft size-medium wp-image-1233382\" src=\"https:\/\/www.acapulco.press\/wp-content\/uploads\/2021\/10\/UAGRO-DIRECTORES3-375x237.jpg\" alt=\"\" width=\"375\" height=\"237\" \/>avance educativo plasmado en el Plan de Desarrollo Institucional, por lo cual llam\u00f3 a los funcionarios a seguir trabajando por la instituci\u00f3n.<\/p>\n<p style=\"text-align: justify;\">Y agreg\u00f3: \u201cyo s\u00e9 que ustedes son personas muy capaces, hay universitarios muy experimentados, es un grupo de mujeres y de hombres que ya conocen a la instituci\u00f3n y lo han hecho de manera eficaz y responsable\u201d.<\/p>\n<p style=\"text-align: justify;\">Los universitarios que tomaron protesta son como Coordinador General de la Zona Norte, Santiago Victoria Saavedra; en la Zona Sur, la Coordinaci\u00f3n General estar\u00e1 a cargo la Dra. Xochilt Astudillo M\u00edller; mientras que el M.C. Margarito Radilla Romero ser\u00e1 director General de Planeaci\u00f3n y Evaluaci\u00f3n Institucional y Guillermo Gir\u00f3n Catal\u00e1n estar\u00e1 al frente de la Direcci\u00f3n General de Atenci\u00f3n a Estudiantes.<\/p>\n<p style=\"text-align: justify;\">Tambi\u00e9n tom\u00f3 protesta la Directora General de Posgrado e Investigaci\u00f3n, Berenice Illades Aguiar; la directora General de Educaci\u00f3n Virtual, Felicidad Bonilla G\u00f3mez; en Educaci\u00f3n Media Superior, Javier Casiano Reachi; en la Direcci\u00f3n General de Extensi\u00f3n Universitaria, Confesor D\u00edaz Terrones; Infraestructura, Juan Carlos Rodr\u00edguez Escamilla; en Comunicaci\u00f3n y Relaciones P\u00fablicas, Julio C\u00e9sar Portillo Osorio; en Vinculaci\u00f3n, Fernando Ag\u00fcero Mancilla y en Tecnolog\u00edas de la Informaci\u00f3n, Tom\u00e1s Ben\u00edtez Castro.<\/p>\n","protected":false},"excerpt":{"rendered":"<p>CHILPANCINGO. * 14 de septiembre de 2021. ) UAGro. El rector de la Universidad Aut\u00f3noma de Guerrero, Jos\u00e9 Alfredo Romero Olea tom\u00f3 protesta a los directores generales que lo acompa\u00f1ar\u00e1n en la administraci\u00f3n del periodo 2021-2023 a quienes llam\u00f3 a seguir trabajando \u201cen la consolidaci\u00f3n institucional de la UAGro\u201d. Reunidos en la Sala de Usos&#8230;<\/p>\n","protected":false},"author":2,"featured_media":1233382,"comment_status":"closed","ping_status":"closed","sticky":false,"template":"","format":"standard","meta":{"footnotes":""},"categories":[1972,18561,2016],"tags":[2896,10980,17610],"class_list":["post-1233379","post","type-post","status-publish","format-standard","has-post-thumbnail","hentry","category-special","category-society-politics","category-uagro-society-politics","tag-uagro-2","tag-jose-alfredo-romero-olea","tag-universidad-autonoma-de-guerrero-uagro"],"_links":{"self":[{"href":"https:\/\/www.acapulcopress.com\/index.php\/wp-json\/wp\/v2\/posts\/1233379","targetHints":{"allow":["GET"]}}],"collection":[{"href":"https:\/\/www.acapulcopress.com\/index.php\/wp-json\/wp\/v2\/posts"}],"about":[{"href":"https:\/\/www.acapulcopress.com\/index.php\/wp-json\/wp\/v2\/types\/post"}],"author":[{"embeddable":true,"href":"https:\/\/www.acapulcopress.com\/index.php\/wp-json\/wp\/v2\/users\/2"}],"replies":[{"embeddable":true,"href":"https:\/\/www.acapulcopress.com\/index.php\/wp-json\/wp\/v2\/comments?post=1233379"}],"version-history":[{"count":0,"href":"https:\/\/www.acapulcopress.com\/index.php\/wp-json\/wp\/v2\/posts\/1233379\/revisions"}],"wp:featuredmedia":[{"embeddable":true,"href":"https:\/\/www.acapulcopress.com\/index.php\/wp-json\/"}],"wp:attachment":[{"href":"https:\/\/www.acapulcopress.com\/index.php\/wp-json\/wp\/v2\/media?parent=1233379"}],"wp:term":[{"taxonomy":"category","embeddable":true,"href":"https:\/\/www.acapulcopress.com\/index.php\/wp-json\/wp\/v2\/categories?post=1233379"},{"taxonomy":"post_tag","embeddable":true,"href":"https:\/\/www.acapulcopress.com\/index.php\/wp-json\/wp\/v2\/tags?post=1233379"}],"curies":[{"name":"wp","href":"https:\/\/api.w.org\/{rel}","templated":true}]}}