{"id":1233394,"date":"2021-10-14T21:34:58","date_gmt":"2021-10-15T02:34:58","guid":{"rendered":"https:\/\/www.acapulco.press\/?p=1233394"},"modified":"2021-10-14T21:34:58","modified_gmt":"2021-10-15T02:34:58","slug":"marcial-rodriguez-saldana-a-la-seg","status":"publish","type":"post","link":"https:\/\/www.acapulcopress.com\/index.php\/2021\/10\/14\/marcial-rodriguez-saldana-a-la-seg\/","title":{"rendered":"Marcial Rodr\u00edguez Salda\u00f1a, \u00bfa la SEG?"},"content":{"rendered":"<p style=\"text-align: justify;\"><em>* Por eso dej\u00f3 la dirigencia de Morena, afirman<\/p>\n<p>Un Rapid\u00edn<\/em><br \/>\n<strong>\u00bb \u00c1ngel Irra Carceda<\/strong><br \/>\n<em>) angelirracar@hotmail.com<\/em><br \/>\n] Facebook | <a href=\"https:\/\/www.facebook.com\/angel.irracarceda.7\" target=\"_blank\" rel=\"noopener\">angel.irracarceda.7<\/a>,<\/p>\n<p>Formalmente este jueves dej\u00f3 de ser delegado con funciones de presidente del Comit\u00e9 Ejecutivo Estatal (CEE) del Movimiento de Regeneraci\u00f3n Nacional (Morena), el ex rector de la UAGro, Marcial Rodr\u00edguez Salda\u00f1a.<\/p>\n<p>La dirigencia estatal la encabezar\u00e1 ahora Rafael Cuauht\u00e9moc Ney Catal\u00e1n, a propuesta del senador F\u00e9lix Salgado Macedonio.<\/p>\n<p>Su designaci\u00f3n la confirm\u00f3 la secretaria general del Comit\u00e9 Ejecutivo Nacional (CEN) de Morena, Citlali Hern\u00e1ndez Mora.<\/p>\n<p>La asunci\u00f3n de Rafael Cuauht\u00e9moc Ney Catal\u00e1n se concretar\u00e1 en sesi\u00f3n ordinaria del Comit\u00e9 Ejecutivo Estatal, pero no se ha definido en qu\u00e9 fecha, pero se prev\u00e9 para la semana pr\u00f3xima.<\/p>\n<p>En el c\u00edrculo cercano al senador F\u00e9lix Salgado, se asegur\u00f3 que Marcial Rodr\u00edguez Salda\u00f1a dej\u00f3 ese cargo partidista debido a que en las pr\u00f3ximas horas ser\u00e1 anunciado como titular de la Secretar\u00eda de Educaci\u00f3n Guerrero.<\/p>\n<p>Se asegur\u00f3 que lo anterior lo anunciar\u00eda este viernes Evelyn Salgado Pineda, luego de que rinda protesta como gobernadora en funciones, en la sede del Poder Legislativo.<\/p>\n","protected":false},"excerpt":{"rendered":"<p>* Por eso dej\u00f3 la dirigencia de Morena, afirman Un Rapid\u00edn \u00bb \u00c1ngel Irra Carceda ) angelirracar@hotmail.com ] Facebook | angel.irracarceda.7, Formalmente este jueves dej\u00f3 de ser delegado con funciones de presidente del Comit\u00e9 Ejecutivo Estatal (CEE) del Movimiento de Regeneraci\u00f3n Nacional (Morena), el ex rector de la UAGro, Marcial Rodr\u00edguez Salda\u00f1a. La dirigencia estatal&#8230;<\/p>\n","protected":false},"author":2,"featured_media":1233395,"comment_status":"closed","ping_status":"closed","sticky":false,"template":"","format":"standard","meta":{"footnotes":""},"categories":[2071],"tags":[3938,8251,12457,16169,17511],"class_list":["post-1233394","post","type-post","status-publish","format-standard","has-post-thumbnail","hentry","category-opinion-analisis-columnas","tag-angel-irra-carceda","tag-evelyn-salgado-pineda","tag-marcial-rodriguez-saldana","tag-secretaria-de-educacion-guerrero-seg","tag-un-rapidin"],"_links":{"self":[{"href":"https:\/\/www.acapulcopress.com\/index.php\/wp-json\/wp\/v2\/posts\/1233394","targetHints":{"allow":["GET"]}}],"collection":[{"href":"https:\/\/www.acapulcopress.com\/index.php\/wp-json\/wp\/v2\/posts"}],"about":[{"href":"https:\/\/www.acapulcopress.com\/index.php\/wp-json\/wp\/v2\/types\/post"}],"author":[{"embeddable":true,"href":"https:\/\/www.acapulcopress.com\/index.php\/wp-json\/wp\/v2\/users\/2"}],"replies":[{"embeddable":true,"href":"https:\/\/www.acapulcopress.com\/index.php\/wp-json\/wp\/v2\/comments?post=1233394"}],"version-history":[{"count":0,"href":"https:\/\/www.acapulcopress.com\/index.php\/wp-json\/wp\/v2\/posts\/1233394\/revisions"}],"wp:featuredmedia":[{"embeddable":true,"href":"https:\/\/www.acapulcopress.com\/index.php\/wp-json\/"}],"wp:attachment":[{"href":"https:\/\/www.acapulcopress.com\/index.php\/wp-json\/wp\/v2\/media?parent=1233394"}],"wp:term":[{"taxonomy":"category","embeddable":true,"href":"https:\/\/www.acapulcopress.com\/index.php\/wp-json\/wp\/v2\/categories?post=1233394"},{"taxonomy":"post_tag","embeddable":true,"href":"https:\/\/www.acapulcopress.com\/index.php\/wp-json\/wp\/v2\/tags?post=1233394"}],"curies":[{"name":"wp","href":"https:\/\/api.w.org\/{rel}","templated":true}]}}